{"id":10324,"date":"2026-03-17T21:14:56","date_gmt":"2026-03-17T20:14:56","guid":{"rendered":"https:\/\/toutcourtfestival.fr\/?p=10324"},"modified":"2026-03-17T21:15:02","modified_gmt":"2026-03-17T20:15:02","slug":"tout-court-festival-edition-2026","status":"publish","type":"post","link":"https:\/\/toutcourtfestival.fr\/index.php\/2026\/03\/17\/tout-court-festival-edition-2026\/","title":{"rendered":"Tout Court ! Festival \u2022 Edition 2026"},"content":{"rendered":"<p><!--StartFragment --><\/p>\r\n<p style=\"text-align: justify;\"><span style=\"color: #000000;\">Apr\u00e8s plusieurs mois d\u2019investissement de la part des jeunes et des adultes de <strong>Tout Court ! Ateliers<\/strong>, la pr\u00e9paration du festival entre dans sa derni\u00e8re ligne droite. Les \u00e9quipes ont travaill\u00e9 sur la <a href=\"https:\/\/toutcourtfestival.fr\/index.php\/selections-2026\/\" target=\"_blank\" rel=\"noopener\"><strong>s\u00e9lection des films<\/strong><\/a>, la <a href=\"https:\/\/toutcourtfestival.fr\/wp-content\/uploads\/2026\/03\/Affiche-Tout-Court-2026-Web.jpg-scaled.jpeg\" target=\"_blank\" rel=\"noopener\"><strong>cr\u00e9ation des nouveaux habillages visuels<\/strong><\/a> du festival 2026 (dont les affiches) ainsi que sur la <a href=\"https:\/\/www.youtube.com\/watch?v=FQwSunBJm00\" target=\"_blank\" rel=\"noopener\"><strong>r\u00e9alisation de la bande-annonce<\/strong><\/a>.<\/span><br><span style=\"color: #000000;\">Le <strong>ToutCourt! Festival<\/strong>, lui, approche d\u00e9sormais \u00e0 grands pas.<\/span><!--EndFragment --><\/p>\r\n<p style=\"text-align: justify;\"><span style=\"color: #000000;\">On vous attends le vendredi 27 mars 2025 \u00e0 19h30 au <strong>Cin\u00e9ma du Vexin Normand Jour De F\u00eate<\/strong> de Gisors, et le samedi 28 et le dimanche 29 mars 2026 (attention, c&#8217;est le week-end du passage \u00e0 l&#8217;heure d&#8217;\u00e9t\u00e9) \u00e0 l&#8217;<strong>Espace Dany Doriz<\/strong> de Gisors (<em>Salle Polyvalente<\/em>).<\/span><\/p>\r\n<p style=\"text-align: justify;\"><span style=\"color: #000000;\">Ce samedi 14 mars 2026, les jeunes et les adultes ont \u00e9t\u00e9 mettre des affiches et des flyers dans diff\u00e9rents commerces de Gisors et ses alentours (Magny En Vexin, Chaumont En Vexin, Dangu, Flavacourt&#8230;). La communication se poursuit durant les 2 semaines avant le festival \u00e0 Vernon, Gaillon, Les Andelys, S\u00e9rifontaine et d&#8217;autres villes. Les \u00e9tablissements scolaires du Vexin Normand seront \u00e9galement concern\u00e9e par le biais de nos jeunes adh\u00e9rents qui ont pu avoir des affiches et des flyers.<\/span><\/p>\r\n<p class=\"jetpack-slideshow-noscript robots-nocontent\">This slideshow requires JavaScript.<\/p><div id=\"gallery-10324-1-slideshow\" class=\"jetpack-slideshow-window jetpack-slideshow jetpack-slideshow-black\" data-trans=\"fade\" data-autostart=\"1\" data-gallery=\"[{&quot;src&quot;:&quot;https:\\\/\\\/i0.wp.com\\\/toutcourtfestival.fr\\\/wp-content\\\/uploads\\\/2026\\\/03\\\/WhatsApp-Image-2026-03-14-at-17.10.15.jpeg?fit=2000%2C1500\\u0026ssl=1&quot;,&quot;id&quot;:&quot;10339&quot;,&quot;title&quot;:&quot;WhatsApp Image 2026-03-14 at 17.10.15&quot;,&quot;alt&quot;:&quot;&quot;,&quot;caption&quot;:&quot;Affichage au Boisgeloups&quot;,&quot;itemprop&quot;:&quot;image&quot;},{&quot;src&quot;:&quot;https:\\\/\\\/i0.wp.com\\\/toutcourtfestival.fr\\\/wp-content\\\/uploads\\\/2026\\\/03\\\/WhatsApp-Image-2026-03-14-at-16.20.42.jpeg?fit=1536%2C2048\\u0026ssl=1&quot;,&quot;id&quot;:&quot;10350&quot;,&quot;title&quot;:&quot;WhatsApp Image 2026-03-14 at 16.20.42&quot;,&quot;alt&quot;:&quot;&quot;,&quot;caption&quot;:&quot;Gisors&quot;,&quot;itemprop&quot;:&quot;image&quot;},{&quot;src&quot;:&quot;https:\\\/\\\/i0.wp.com\\\/toutcourtfestival.fr\\\/wp-content\\\/uploads\\\/2026\\\/03\\\/WhatsApp-Image-2026-03-14-at-17.29.22.jpeg?fit=1368%2C1824\\u0026ssl=1&quot;,&quot;id&quot;:&quot;10341&quot;,&quot;title&quot;:&quot;WhatsApp Image 2026-03-14 at 17.29.22&quot;,&quot;alt&quot;:&quot;&quot;,&quot;caption&quot;:&quot;Pause Gouter\\u0026#8230; quand m\\u00eame&quot;,&quot;itemprop&quot;:&quot;image&quot;},{&quot;src&quot;:&quot;https:\\\/\\\/i0.wp.com\\\/toutcourtfestival.fr\\\/wp-content\\\/uploads\\\/2026\\\/03\\\/WhatsApp-Image-2026-03-14-at-16.10.31.jpeg?fit=900%2C1600\\u0026ssl=1&quot;,&quot;id&quot;:&quot;10348&quot;,&quot;title&quot;:&quot;WhatsApp Image 2026-03-14 at 16.10.31&quot;,&quot;alt&quot;:&quot;&quot;,&quot;caption&quot;:&quot;Chaumont En Vexin&quot;,&quot;itemprop&quot;:&quot;image&quot;},{&quot;src&quot;:&quot;https:\\\/\\\/i0.wp.com\\\/toutcourtfestival.fr\\\/wp-content\\\/uploads\\\/2026\\\/03\\\/WhatsApp-Image-2026-03-14-at-17.10.15-4.jpeg?fit=2000%2C1500\\u0026ssl=1&quot;,&quot;id&quot;:&quot;10366&quot;,&quot;title&quot;:&quot;WhatsApp Image 2026-03-14 at 17.10.15&quot;,&quot;alt&quot;:&quot;&quot;,&quot;caption&quot;:&quot;Affichage au Boisgeloups&quot;,&quot;itemprop&quot;:&quot;image&quot;},{&quot;src&quot;:&quot;https:\\\/\\\/i0.wp.com\\\/toutcourtfestival.fr\\\/wp-content\\\/uploads\\\/2026\\\/03\\\/WhatsApp-Image-2026-03-14-at-16.42.57.jpeg?fit=900%2C1600\\u0026ssl=1&quot;,&quot;id&quot;:&quot;10355&quot;,&quot;title&quot;:&quot;WhatsApp Image 2026-03-14 at 16.42.57&quot;,&quot;alt&quot;:&quot;&quot;,&quot;caption&quot;:&quot;&quot;,&quot;itemprop&quot;:&quot;image&quot;},{&quot;src&quot;:&quot;https:\\\/\\\/i0.wp.com\\\/toutcourtfestival.fr\\\/wp-content\\\/uploads\\\/2026\\\/03\\\/WhatsApp-Image-2026-03-14-at-17.10.15-2.jpeg?fit=1500%2C2000\\u0026ssl=1&quot;,&quot;id&quot;:&quot;10337&quot;,&quot;title&quot;:&quot;WhatsApp Image 2026-03-14 at 17.10.15 (2)&quot;,&quot;alt&quot;:&quot;&quot;,&quot;caption&quot;:&quot;Affichage au Boisgeloups&quot;,&quot;itemprop&quot;:&quot;image&quot;},{&quot;src&quot;:&quot;https:\\\/\\\/i0.wp.com\\\/toutcourtfestival.fr\\\/wp-content\\\/uploads\\\/2026\\\/03\\\/WhatsApp-Image-2026-03-14-at-15.55.54.jpeg?fit=1500%2C2000\\u0026ssl=1&quot;,&quot;id&quot;:&quot;10346&quot;,&quot;title&quot;:&quot;WhatsApp Image 2026-03-14 at 15.55.54&quot;,&quot;alt&quot;:&quot;&quot;,&quot;caption&quot;:&quot;Dangu&quot;,&quot;itemprop&quot;:&quot;image&quot;},{&quot;src&quot;:&quot;https:\\\/\\\/i0.wp.com\\\/toutcourtfestival.fr\\\/wp-content\\\/uploads\\\/2026\\\/03\\\/WhatsApp-Image-2026-03-14-at-15.54.17.jpeg?fit=1600%2C739\\u0026ssl=1&quot;,&quot;id&quot;:&quot;10327&quot;,&quot;title&quot;:&quot;WhatsApp Image 2026-03-14 at 15.54.17&quot;,&quot;alt&quot;:&quot;&quot;,&quot;caption&quot;:&quot;Affichage de la banderole au bord de la D14\\\/A15&quot;,&quot;itemprop&quot;:&quot;image&quot;},{&quot;src&quot;:&quot;https:\\\/\\\/i0.wp.com\\\/toutcourtfestival.fr\\\/wp-content\\\/uploads\\\/2026\\\/03\\\/WhatsApp-Image-2026-03-14-at-16.21.50.jpeg?fit=908%2C2016\\u0026ssl=1&quot;,&quot;id&quot;:&quot;10329&quot;,&quot;title&quot;:&quot;WhatsApp Image 2026-03-14 at 16.21.50&quot;,&quot;alt&quot;:&quot;&quot;,&quot;caption&quot;:&quot;On pense aux voitures des b\\u00e9nevoles&quot;,&quot;itemprop&quot;:&quot;image&quot;},{&quot;src&quot;:&quot;https:\\\/\\\/i0.wp.com\\\/toutcourtfestival.fr\\\/wp-content\\\/uploads\\\/2026\\\/03\\\/WhatsApp-Image-2026-03-14-at-15.54.17-1.jpeg?fit=1600%2C739\\u0026ssl=1&quot;,&quot;id&quot;:&quot;10326&quot;,&quot;title&quot;:&quot;WhatsApp Image 2026-03-14 at 15.54.17 (1)&quot;,&quot;alt&quot;:&quot;&quot;,&quot;caption&quot;:&quot;Affichage de la banderole au bord de la D14\\\/A15&quot;,&quot;itemprop&quot;:&quot;image&quot;},{&quot;src&quot;:&quot;https:\\\/\\\/i0.wp.com\\\/toutcourtfestival.fr\\\/wp-content\\\/uploads\\\/2026\\\/03\\\/WhatsApp-Image-2026-03-14-at-17.06.13.jpeg?fit=1200%2C1600\\u0026ssl=1&quot;,&quot;id&quot;:&quot;10331&quot;,&quot;title&quot;:&quot;WhatsApp Image 2026-03-14 at 17.06.13&quot;,&quot;alt&quot;:&quot;&quot;,&quot;caption&quot;:&quot;Affichage \\u00e0 Chaumont En Vexin&quot;,&quot;itemprop&quot;:&quot;image&quot;},{&quot;src&quot;:&quot;https:\\\/\\\/i0.wp.com\\\/toutcourtfestival.fr\\\/wp-content\\\/uploads\\\/2026\\\/03\\\/WhatsApp-Image-2026-03-14-at-16.21.55-e1773601976903.jpeg?fit=2000%2C1017\\u0026ssl=1&quot;,&quot;id&quot;:&quot;10352&quot;,&quot;title&quot;:&quot;WhatsApp Image 2026-03-14 at 16.21.55&quot;,&quot;alt&quot;:&quot;&quot;,&quot;caption&quot;:&quot;Voiture&quot;,&quot;itemprop&quot;:&quot;image&quot;},{&quot;src&quot;:&quot;https:\\\/\\\/i0.wp.com\\\/toutcourtfestival.fr\\\/wp-content\\\/uploads\\\/2026\\\/03\\\/WhatsApp-Image-2026-03-14-at-16.21.50-1.jpeg?fit=908%2C2016\\u0026ssl=1&quot;,&quot;id&quot;:&quot;10351&quot;,&quot;title&quot;:&quot;WhatsApp Image 2026-03-14 at 16.21.50&quot;,&quot;alt&quot;:&quot;&quot;,&quot;caption&quot;:&quot;Coffre de la voiture&quot;,&quot;itemprop&quot;:&quot;image&quot;},{&quot;src&quot;:&quot;https:\\\/\\\/i0.wp.com\\\/toutcourtfestival.fr\\\/wp-content\\\/uploads\\\/2026\\\/03\\\/WhatsApp-Image-2026-03-14-at-15.36.23.jpeg?fit=1500%2C2000\\u0026ssl=1&quot;,&quot;id&quot;:&quot;10343&quot;,&quot;title&quot;:&quot;WhatsApp Image 2026-03-14 at 15.36.23&quot;,&quot;alt&quot;:&quot;&quot;,&quot;caption&quot;:&quot;Flavacourt&quot;,&quot;itemprop&quot;:&quot;image&quot;},{&quot;src&quot;:&quot;https:\\\/\\\/i0.wp.com\\\/toutcourtfestival.fr\\\/wp-content\\\/uploads\\\/2026\\\/03\\\/WhatsApp-Image-2026-03-14-at-17.10.15-1.jpeg?fit=1500%2C2000\\u0026ssl=1&quot;,&quot;id&quot;:&quot;10336&quot;,&quot;title&quot;:&quot;WhatsApp Image 2026-03-14 at 17.10.15 (1)&quot;,&quot;alt&quot;:&quot;&quot;,&quot;caption&quot;:&quot;Affichage au Boisgeloups&quot;,&quot;itemprop&quot;:&quot;image&quot;},{&quot;src&quot;:&quot;https:\\\/\\\/i0.wp.com\\\/toutcourtfestival.fr\\\/wp-content\\\/uploads\\\/2026\\\/03\\\/WhatsApp-Image-2026-03-14-at-16.53.26.jpeg?fit=1500%2C2000\\u0026ssl=1&quot;,&quot;id&quot;:&quot;10357&quot;,&quot;title&quot;:&quot;WhatsApp Image 2026-03-14 at 16.53.26&quot;,&quot;alt&quot;:&quot;&quot;,&quot;caption&quot;:&quot;Bar de campagne&quot;,&quot;itemprop&quot;:&quot;image&quot;},{&quot;src&quot;:&quot;https:\\\/\\\/i0.wp.com\\\/toutcourtfestival.fr\\\/wp-content\\\/uploads\\\/2026\\\/03\\\/WhatsApp-Image-2026-03-14-at-15.56.13.jpeg?fit=908%2C2016\\u0026ssl=1&quot;,&quot;id&quot;:&quot;10328&quot;,&quot;title&quot;:&quot;WhatsApp Image 2026-03-14 at 15.56.13&quot;,&quot;alt&quot;:&quot;&quot;,&quot;caption&quot;:&quot;D\\u00e9pot de flyer \\u00e0 Courcelles Les Gisors&quot;,&quot;itemprop&quot;:&quot;image&quot;},{&quot;src&quot;:&quot;https:\\\/\\\/i0.wp.com\\\/toutcourtfestival.fr\\\/wp-content\\\/uploads\\\/2026\\\/03\\\/WhatsApp-Image-2026-03-14-at-16.52.44.jpeg?fit=900%2C1600\\u0026ssl=1&quot;,&quot;id&quot;:&quot;10356&quot;,&quot;title&quot;:&quot;WhatsApp Image 2026-03-14 at 16.52.44&quot;,&quot;alt&quot;:&quot;&quot;,&quot;caption&quot;:&quot;Panneau d\\u0026#8217;affichage libre&quot;,&quot;itemprop&quot;:&quot;image&quot;},{&quot;src&quot;:&quot;https:\\\/\\\/i0.wp.com\\\/toutcourtfestival.fr\\\/wp-content\\\/uploads\\\/2026\\\/03\\\/WhatsApp-Image-2026-03-14-at-16.19.01.jpeg?fit=1500%2C2000\\u0026ssl=1&quot;,&quot;id&quot;:&quot;10349&quot;,&quot;title&quot;:&quot;WhatsApp Image 2026-03-14 at 16.19.01&quot;,&quot;alt&quot;:&quot;&quot;,&quot;caption&quot;:&quot;Boutique de Neaufles St Martin&quot;,&quot;itemprop&quot;:&quot;image&quot;},{&quot;src&quot;:&quot;https:\\\/\\\/i0.wp.com\\\/toutcourtfestival.fr\\\/wp-content\\\/uploads\\\/2026\\\/03\\\/WhatsApp-Image-2026-03-14-at-16.31.46.jpeg?fit=1200%2C1600\\u0026ssl=1&quot;,&quot;id&quot;:&quot;10330&quot;,&quot;title&quot;:&quot;WhatsApp Image 2026-03-14 at 16.31.46&quot;,&quot;alt&quot;:&quot;&quot;,&quot;caption&quot;:&quot;Affichage \\u00e0 Chaumont En Vexin&quot;,&quot;itemprop&quot;:&quot;image&quot;},{&quot;src&quot;:&quot;https:\\\/\\\/i0.wp.com\\\/toutcourtfestival.fr\\\/wp-content\\\/uploads\\\/2026\\\/03\\\/WhatsApp-Image-2026-03-14-at-16.29.41.jpeg?fit=1500%2C2000\\u0026ssl=1&quot;,&quot;id&quot;:&quot;10353&quot;,&quot;title&quot;:&quot;WhatsApp Image 2026-03-14 at 16.29.41&quot;,&quot;alt&quot;:&quot;&quot;,&quot;caption&quot;:&quot;Dans une boulangerie \\u00e0 la campagne&quot;,&quot;itemprop&quot;:&quot;image&quot;}]\" itemscope itemtype=\"https:\/\/schema.org\/ImageGallery\"><\/div>\r\n<p style=\"text-align: center;\"><span style=\"color: #000000;\">Retrouvez sur notre site ToutCourtFestival.fr, le<span style=\"color: #0000ff;\"> <a style=\"color: #0000ff;\" href=\"https:\/\/toutcourtfestival.fr\/wp-content\/uploads\/2026\/03\/Programme-2026-version-WEB.pdf\" target=\"_blank\" rel=\"noopener\">programme du festival<\/a><\/span>, les <span style=\"color: #0000ff;\"><a style=\"color: #0000ff;\" href=\"https:\/\/toutcourtfestival.fr\/index.php\/selections-2026\/\" target=\"_blank\" rel=\"noopener\">s\u00e9lections 2026<\/a> <\/span>ainsi que les membres du<span style=\"color: #0000ff;\"><a style=\"color: #0000ff;\" href=\"https:\/\/toutcourtfestival.fr\/index.php\/jury-2026\/\" target=\"_blank\" rel=\"noopener\"> jury 2026<\/a><\/span>.<\/span><\/p>\r\n\r\n\r\n\r\n\r\n","protected":false},"excerpt":{"rendered":"<\/p>\n<p style=\"text-align: justify;\">Apr\u00e8s plusieurs mois d\u2019investissement de la part des jeunes et des adultes de <strong>Tout Court ! Ateliers<\/strong>, la pr\u00e9paration du festival entre dans sa derni\u00e8re ligne droite. Les \u00e9quipes ont travaill\u00e9 sur la <a href=\"https:\/\/toutcourtfestival.fr\/index.php\/selections-2026\/\" target=\"_blank\" rel=\"noopener\"><strong>s\u00e9lection des films<\/strong><\/a>, la <a href=\"https:\/\/toutcourtfestival.fr\/wp-content\/uploads\/2026\/03\/Affiche-Tout-Court-2026-Web.jpg-scaled.jpeg\" target=\"_blank\" rel=\"noopener\"><strong>cr\u00e9ation des nouveaux habillages visuels<\/strong><\/a> du festival 2026 (dont &hellip; <\/p>\n<p><a class=\"more-link btn\" href=\"https:\/\/toutcourtfestival.fr\/index.php\/2026\/03\/17\/tout-court-festival-edition-2026\/\">Continue reading<\/a><\/p>\n","protected":false},"author":4,"featured_media":10237,"comment_status":"closed","ping_status":"closed","sticky":false,"template":"","format":"standard","meta":{"ngg_post_thumbnail":0,"jetpack_post_was_ever_published":false,"_jetpack_newsletter_access":"","_jetpack_dont_email_post_to_subs":false,"_jetpack_newsletter_tier_id":0,"_jetpack_memberships_contains_paywalled_content":false,"_jetpack_memberships_contains_paid_content":false,"footnotes":"","jetpack_publicize_message":"","jetpack_publicize_feature_enabled":true,"jetpack_social_post_already_shared":true,"jetpack_social_options":{"image_generator_settings":{"template":"highway","default_image_id":0,"font":"","enabled":false},"version":2}},"categories":[4],"tags":[],"class_list":["post-10324","post","type-post","status-publish","format-standard","has-post-thumbnail","hentry","category-actualites","nodate","item-wrap"],"jetpack_publicize_connections":[],"jetpack_featured_media_url":"https:\/\/i0.wp.com\/toutcourtfestival.fr\/wp-content\/uploads\/2026\/03\/Affiche-Tout-Court-2026-Web.jpg-scaled.jpeg?fit=1807%2C2560&ssl=1","jetpack_sharing_enabled":true,"jetpack_shortlink":"https:\/\/wp.me\/p8k6iw-2Gw","jetpack_likes_enabled":true,"_links":{"self":[{"href":"https:\/\/toutcourtfestival.fr\/index.php\/wp-json\/wp\/v2\/posts\/10324","targetHints":{"allow":["GET"]}}],"collection":[{"href":"https:\/\/toutcourtfestival.fr\/index.php\/wp-json\/wp\/v2\/posts"}],"about":[{"href":"https:\/\/toutcourtfestival.fr\/index.php\/wp-json\/wp\/v2\/types\/post"}],"author":[{"embeddable":true,"href":"https:\/\/toutcourtfestival.fr\/index.php\/wp-json\/wp\/v2\/users\/4"}],"replies":[{"embeddable":true,"href":"https:\/\/toutcourtfestival.fr\/index.php\/wp-json\/wp\/v2\/comments?post=10324"}],"version-history":[{"count":13,"href":"https:\/\/toutcourtfestival.fr\/index.php\/wp-json\/wp\/v2\/posts\/10324\/revisions"}],"predecessor-version":[{"id":10380,"href":"https:\/\/toutcourtfestival.fr\/index.php\/wp-json\/wp\/v2\/posts\/10324\/revisions\/10380"}],"wp:featuredmedia":[{"embeddable":true,"href":"https:\/\/toutcourtfestival.fr\/index.php\/wp-json\/wp\/v2\/media\/10237"}],"wp:attachment":[{"href":"https:\/\/toutcourtfestival.fr\/index.php\/wp-json\/wp\/v2\/media?parent=10324"}],"wp:term":[{"taxonomy":"category","embeddable":true,"href":"https:\/\/toutcourtfestival.fr\/index.php\/wp-json\/wp\/v2\/categories?post=10324"},{"taxonomy":"post_tag","embeddable":true,"href":"https:\/\/toutcourtfestival.fr\/index.php\/wp-json\/wp\/v2\/tags?post=10324"}],"curies":[{"name":"wp","href":"https:\/\/api.w.org\/{rel}","templated":true}]}}