{"id":1484,"date":"2017-04-03T00:12:51","date_gmt":"2017-04-02T22:12:51","guid":{"rendered":"http:\/\/toutcourtfestival.fr\/?p=1484"},"modified":"2017-04-03T00:13:36","modified_gmt":"2017-04-02T22:13:36","slug":"jury-pro-et-jury-lyceen","status":"publish","type":"post","link":"https:\/\/toutcourtfestival.fr\/index.php\/2017\/04\/03\/jury-pro-et-jury-lyceen\/","title":{"rendered":"Jury pro et jury lyc\u00e9en"},"content":{"rendered":"<p style=\"text-align: justify;\">Les choses se pr\u00e9cisent pour les jury du Tout Court ! \u00e9dition 2017!<\/p>\n<p style=\"text-align: justify;\">Nous venons d&#8217;apprendre que <strong>Jean-Marc Delacruz<\/strong>, qui a tr\u00e8s longtemps fait vivre le cin\u00e9ma \u00e0 Gisors \u00e0 travers la g\u00e9rance du Cin\u00e9ma Jour de F\u00eate, a accept\u00e9 de faire partie du <a href=\"http:\/\/toutcourtfestival.fr\/index.php\/jury-du-tout-court-2017\/\">jury pro<\/a>! Un grand merci \u00e0 lui \ud83d\ude42 Voici donc la liste des 6 membres du jury:<\/p>\n<ul style=\"text-align: justify;\">\n<li><b>Claude Duty,<\/b> r\u00e9alisateur et figure majeure du festival international de court-m\u00e9trages de Clermont-Ferrand (le plus grand au monde!)<\/li>\n<li><b>Nicolas Romieu<\/b>, r\u00e9alisateur de court-m\u00e9trages, clip vid\u00e9os, web-s\u00e9ries et publicit\u00e9s.<\/li>\n<li><b>Francis Politzer, <\/b>storyboarder (entre autres: Jappeloup, Belle et S\u00e9bastien, Un Sac de Billes)<\/li>\n<li><b>Claude Delafosse,<\/b> r\u00e9alisateur de films d&#8217;animation notamment pour la cha\u00eene Arte<\/li>\n<li><b>Bernadette Zinck,<\/b> productrice (Mozow Productions)<\/li>\n<li><strong>Jean-Marc Delacruz,<\/strong> programmateur de salle de cin\u00e9ma.<\/li>\n<\/ul>\nngg_shortcode_0_placeholder\n<p style=\"text-align: justify;\">Par ailleurs les choses se pr\u00e9cisent pour le jury lyc\u00e9en! Pour cette ann\u00e9e il sera organis\u00e9 par Cin\u00e9-Jeunes avec l&#8217;aide de deux professeurs du lyc\u00e9e Louise Michel de Gisors. Mais du coup, il est cette ann\u00e9e ouvert \u00e0 toute personne ayant l&#8217;\u00e2ge d&#8217;\u00eatre lyc\u00e9en. Voici l&#8217;affiche d&#8217;appel \u00e0 jury lyc\u00e9en, n&#8217;h\u00e9sitez pas \u00e0 la partager! (cliquez pour agrandir)<\/p>\n<div id=\"attachment_1508\" style=\"width: 350px\" class=\"wp-caption aligncenter\"><a href=\"https:\/\/i0.wp.com\/toutcourtfestival.fr\/wp-content\/uploads\/2017\/04\/Affiche-juryLyceen.png\"><img data-recalc-dims=\"1\" loading=\"lazy\" decoding=\"async\" aria-describedby=\"caption-attachment-1508\" class=\"wp-image-1508 \" src=\"https:\/\/i0.wp.com\/toutcourtfestival.fr\/wp-content\/uploads\/2017\/04\/Affiche-juryLyceen-212x300.png?resize=350%2C495\" alt=\"\" width=\"350\" height=\"495\" srcset=\"https:\/\/i0.wp.com\/toutcourtfestival.fr\/wp-content\/uploads\/2017\/04\/Affiche-juryLyceen.png?resize=212%2C300&amp;ssl=1 212w, https:\/\/i0.wp.com\/toutcourtfestival.fr\/wp-content\/uploads\/2017\/04\/Affiche-juryLyceen.png?resize=768%2C1086&amp;ssl=1 768w, https:\/\/i0.wp.com\/toutcourtfestival.fr\/wp-content\/uploads\/2017\/04\/Affiche-juryLyceen.png?resize=724%2C1024&amp;ssl=1 724w\" sizes=\"auto, (max-width: 350px) 100vw, 350px\" \/><\/a><p id=\"caption-attachment-1508\" class=\"wp-caption-text\">@Raph17<\/p><\/div>\n<p style=\"text-align: justify;\">&nbsp;<\/p>\n<p style=\"text-align: justify;\">Enfin, ces prochains jours nous allons diffuser un premier <strong>appel \u00e0 b\u00e9n\u00e9voles<\/strong> pour le Tout Court ! \u00e9dition 2017. Nous comptons sur vous pour la diffuser le plus largement possible!<\/p>\n<p style=\"text-align: justify;\">&nbsp;<\/p>\n<p style=\"text-align: justify;\">&nbsp;<\/p>\n<p style=\"text-align: justify;\">&nbsp;<\/p>\n<p style=\"text-align: justify;\">&nbsp;<\/p>\n<p style=\"text-align: justify;\">&nbsp;<\/p>\n<p style=\"text-align: justify;\">&nbsp;<\/p>\n<p style=\"text-align: justify;\">&nbsp;<\/p>\n<p style=\"text-align: justify;\">&nbsp;<\/p>\n<p style=\"text-align: justify;\">&nbsp;<\/p>\n<p>&nbsp;<\/p>\n","protected":false},"excerpt":{"rendered":"<p style=\"text-align: justify;\">Les choses se pr\u00e9cisent pour les jury du Tout Court ! \u00e9dition 2017!<\/p>\n<p style=\"text-align: justify;\">Nous venons d&#8217;apprendre que <strong>Jean-Marc Delacruz<\/strong>, qui a tr\u00e8s longtemps fait vivre le cin\u00e9ma \u00e0 Gisors \u00e0 travers la g\u00e9rance du Cin\u00e9ma Jour de F\u00eate, a accept\u00e9 de faire partie du <a href=\"http:\/\/toutcourtfestival.fr\/index.php\/jury-du-tout-court-2017\/\">jury pro<\/a>! Un grand merci \u00e0 &hellip; <\/p>\n<p><a class=\"more-link btn\" href=\"https:\/\/toutcourtfestival.fr\/index.php\/2017\/04\/03\/jury-pro-et-jury-lyceen\/\">Continue reading<\/a><\/p>\n","protected":false},"author":1,"featured_media":1480,"comment_status":"closed","ping_status":"closed","sticky":false,"template":"","format":"standard","meta":{"ngg_post_thumbnail":0,"jetpack_post_was_ever_published":false,"_jetpack_newsletter_access":"","_jetpack_dont_email_post_to_subs":true,"_jetpack_newsletter_tier_id":0,"_jetpack_memberships_contains_paywalled_content":false,"_jetpack_memberships_contains_paid_content":false,"footnotes":"","jetpack_publicize_message":"","jetpack_publicize_feature_enabled":true,"jetpack_social_post_already_shared":true,"jetpack_social_options":{"image_generator_settings":{"template":"highway","default_image_id":0,"font":"","enabled":false},"version":2}},"categories":[4],"tags":[],"class_list":["post-1484","post","type-post","status-publish","format-standard","has-post-thumbnail","hentry","category-actualites","nodate","item-wrap"],"jetpack_publicize_connections":[],"jetpack_featured_media_url":"https:\/\/i0.wp.com\/toutcourtfestival.fr\/wp-content\/uploads\/2017\/03\/JM-Delacruz-p.jpg?fit=1024%2C683&ssl=1","jetpack_sharing_enabled":true,"jetpack_shortlink":"https:\/\/wp.me\/p8k6iw-nW","jetpack_likes_enabled":true,"_links":{"self":[{"href":"https:\/\/toutcourtfestival.fr\/index.php\/wp-json\/wp\/v2\/posts\/1484","targetHints":{"allow":["GET"]}}],"collection":[{"href":"https:\/\/toutcourtfestival.fr\/index.php\/wp-json\/wp\/v2\/posts"}],"about":[{"href":"https:\/\/toutcourtfestival.fr\/index.php\/wp-json\/wp\/v2\/types\/post"}],"author":[{"embeddable":true,"href":"https:\/\/toutcourtfestival.fr\/index.php\/wp-json\/wp\/v2\/users\/1"}],"replies":[{"embeddable":true,"href":"https:\/\/toutcourtfestival.fr\/index.php\/wp-json\/wp\/v2\/comments?post=1484"}],"version-history":[{"count":0,"href":"https:\/\/toutcourtfestival.fr\/index.php\/wp-json\/wp\/v2\/posts\/1484\/revisions"}],"wp:featuredmedia":[{"embeddable":true,"href":"https:\/\/toutcourtfestival.fr\/index.php\/wp-json\/wp\/v2\/media\/1480"}],"wp:attachment":[{"href":"https:\/\/toutcourtfestival.fr\/index.php\/wp-json\/wp\/v2\/media?parent=1484"}],"wp:term":[{"taxonomy":"category","embeddable":true,"href":"https:\/\/toutcourtfestival.fr\/index.php\/wp-json\/wp\/v2\/categories?post=1484"},{"taxonomy":"post_tag","embeddable":true,"href":"https:\/\/toutcourtfestival.fr\/index.php\/wp-json\/wp\/v2\/tags?post=1484"}],"curies":[{"name":"wp","href":"https:\/\/api.w.org\/{rel}","templated":true}]}}