{"id":1586,"date":"2017-05-14T23:52:38","date_gmt":"2017-05-14T21:52:38","guid":{"rendered":"http:\/\/toutcourtfestival.fr\/?p=1586"},"modified":"2017-05-15T00:49:32","modified_gmt":"2017-05-14T22:49:32","slug":"dossier-de-presse-et-parrainage","status":"publish","type":"post","link":"https:\/\/toutcourtfestival.fr\/index.php\/2017\/05\/14\/dossier-de-presse-et-parrainage\/","title":{"rendered":"Dossier de presse, parrain et s\u00e9lections"},"content":{"rendered":"<p style=\"text-align: justify;\">Il est tout nouveau, tout chaud: voici le <a href=\"http:\/\/toutcourtfestival.fr\/index.php\/medias\/\">dossier de presse du Tout Court !<\/a> \ud83d\ude42<\/p>\n<p style=\"text-align: justify;\"><a href=\"http:\/\/toutcourtfestival.fr\/wp-content\/uploads\/2017\/01\/Tout-Court-Dossier-de-presse-v3-pour-web.pdf\"><img data-recalc-dims=\"1\" loading=\"lazy\" decoding=\"async\" class=\"wp-image-1583 size-medium alignleft\" src=\"https:\/\/i0.wp.com\/toutcourtfestival.fr\/wp-content\/uploads\/2017\/01\/Dossier-de-presse-00-Couverture-212x300.jpg?resize=212%2C300\" alt=\"\" width=\"212\" height=\"300\" srcset=\"https:\/\/i0.wp.com\/toutcourtfestival.fr\/wp-content\/uploads\/2017\/01\/Dossier-de-presse-00-Couverture.jpg?resize=212%2C300&amp;ssl=1 212w, https:\/\/i0.wp.com\/toutcourtfestival.fr\/wp-content\/uploads\/2017\/01\/Dossier-de-presse-00-Couverture.jpg?resize=768%2C1086&amp;ssl=1 768w, https:\/\/i0.wp.com\/toutcourtfestival.fr\/wp-content\/uploads\/2017\/01\/Dossier-de-presse-00-Couverture.jpg?resize=724%2C1024&amp;ssl=1 724w\" sizes=\"auto, (max-width: 212px) 100vw, 212px\" \/><\/a><\/p>\n<p style=\"text-align: justify;\">&nbsp;<\/p>\n<p style=\"text-align: justify;\">Par ailleurs, quelques nouvelles:<\/p>\n<h1 style=\"text-align: justify;\">Parrainage<\/h1>\n<p style=\"text-align: justify;\">Le Tout Court ! a d\u00e9sormais un parrain: Alexandre Gavras, acteur, r\u00e9alisateur et producteur \u00e0 <a href=\"http:\/\/www.kgproductions.fr\/\">KG Productions<\/a>. Merci \u00e0 lui!<\/p>\n<h1 style=\"text-align: justify;\">B\u00e9n\u00e9voles<\/h1>\n<p style=\"text-align: justify;\"><a href=\"http:\/\/toutcourtfestival.fr\/index.php\/2017\/04\/05\/appel-a-benevoles\/\">L&#8217;appel \u00e0 b\u00e9n\u00e9vole <\/a>est toujours en cours! Si vous voulez nous aider avant ou pendant le festival (logistiques, etc&#8230;) <a href=\"http:\/\/toutcourtfestival.fr\/index.php\/nous-aider\/\">contactez-nous!<\/a><\/p>\n<h1 style=\"text-align: justify;\">Sponsors<\/h1>\n<p style=\"text-align: justify;\">Un appel \u00e0 sponsors va \u00eatre diffus\u00e9 ces prochains jours sur les r\u00e9seaux du festival. Il nous manque encore quelques f<img data-recalc-dims=\"1\" loading=\"lazy\" decoding=\"async\" class=\"wp-image-1606 alignright\" src=\"https:\/\/i0.wp.com\/toutcourtfestival.fr\/wp-content\/uploads\/2017\/05\/Logo-GED-couleur-01-300x224.png?resize=159%2C119\" alt=\"\" width=\"159\" height=\"119\" srcset=\"https:\/\/i0.wp.com\/toutcourtfestival.fr\/wp-content\/uploads\/2017\/05\/Logo-GED-couleur-01.png?resize=300%2C224&amp;ssl=1 300w, https:\/\/i0.wp.com\/toutcourtfestival.fr\/wp-content\/uploads\/2017\/05\/Logo-GED-couleur-01.png?resize=768%2C574&amp;ssl=1 768w, https:\/\/i0.wp.com\/toutcourtfestival.fr\/wp-content\/uploads\/2017\/05\/Logo-GED-couleur-01.png?resize=1024%2C765&amp;ssl=1 1024w, https:\/\/i0.wp.com\/toutcourtfestival.fr\/wp-content\/uploads\/2017\/05\/Logo-GED-couleur-01.png?w=1616&amp;ssl=1 1616w\" sizes=\"auto, (max-width: 159px) 100vw, 159px\" \/>onds pour vous proposer un meilleurs festival. N&#8217;h\u00e9sitez pas \u00e0 le partager un maximum!<\/p>\n<p style=\"text-align: justify;\">Un nouveau partenaire nous a d&#8217;ailleurs rejoint r\u00e9cemment: GED-World,&nbsp;plate-forme d&#8217;entraide, d&#8217;\u00e9change et de solidarit\u00e9 entre citoyens, mais aussi entre associations intervenant sur le terrain, mairies et professionnels. Cr\u00e9\u00e9 en 2014 et domicili\u00e9e dans l&#8217;Eure, le r\u00e9seau compte aujourd&#8217;hui plus de 500 membres localement (Gisors et alentours dans l&#8217;Eure, l&#8217;Oise et le Val d&#8217;Oise) mais aussi \u00e0 travers toute la France! Retrouvez <a href=\"https:\/\/www.ged-world.org\u00a0\" target=\"_blank\" rel=\"noopener noreferrer\" data-cke-saved-href=\"https:\/\/www.ged-world.org&nbsp;\">le site de la plate-forme<\/a> et sa page <a href=\"https:\/\/www.facebook.com\/GEDWorld\" target=\"_blank\" rel=\"noopener noreferrer\" data-cke-saved-href=\"https:\/\/www.facebook.com\/GEDWorld\">Facebook<\/a>.<\/p>\n<p>GED va \u00eatre pour le Tout Court ! un relais de communication pr\u00e9cieux, notamment pour notre appel \u00e0 b\u00e9n\u00e9voles! Des membres de l&#8217;association vont \u00e9galement nous aider \u00e0 h\u00e9berger les invit\u00e9s du festival en chambre d&#8217;h\u00f4te. Un grand merci \u00e0 eux ! \ud83d\ude42<\/p>\n<h1 style=\"text-align: justify;\">S\u00e9lections<\/h1>\n<p style=\"text-align: justify;\">Les s\u00e9lections entrent dans leur phase finale:&nbsp;un certain nombre de films reviennent r\u00e9guli\u00e8rement dans les simulations de s\u00e9lection que nous faisons avec les jeunes des comit\u00e9s. Pourtant, il va bien falloir choisir: il y aura forc\u00e9ment des regrets!<\/p>\n<p style=\"text-align: justify;\">Les s\u00e9lections professionnelles devraient \u00eatre d\u00e9finitivement termin\u00e9es fin mai. A noter qu&#8217;en plus de la s\u00e9lection officielle pour la comp\u00e9tition, nous avons d\u00e9cid\u00e9 de proposer plusieurs s\u00e9lections hors-comp\u00e9tition.<\/p>\n<p style=\"text-align: justify;\">Les s\u00e9lections amateurs, elles, se termineront mi-juin.<\/p>\n<p style=\"text-align: justify;\">Toutes les s\u00e9lections vous seront pr\u00e9sent\u00e9es vers le 20 juin avec le programme.<\/p>\n<div id=\"attachment_1595\" style=\"width: 700px\" class=\"wp-caption alignnone\"><img data-recalc-dims=\"1\" loading=\"lazy\" decoding=\"async\" aria-describedby=\"caption-attachment-1595\" class=\"wp-image-1595\" src=\"https:\/\/i0.wp.com\/toutcourtfestival.fr\/wp-content\/uploads\/2017\/05\/20170513_152302-1024x576.png?resize=700%2C394\" alt=\"\" width=\"700\" height=\"394\" srcset=\"https:\/\/i0.wp.com\/toutcourtfestival.fr\/wp-content\/uploads\/2017\/05\/20170513_152302.png?resize=1024%2C576&amp;ssl=1 1024w, https:\/\/i0.wp.com\/toutcourtfestival.fr\/wp-content\/uploads\/2017\/05\/20170513_152302.png?resize=300%2C169&amp;ssl=1 300w, https:\/\/i0.wp.com\/toutcourtfestival.fr\/wp-content\/uploads\/2017\/05\/20170513_152302.png?resize=768%2C432&amp;ssl=1 768w, https:\/\/i0.wp.com\/toutcourtfestival.fr\/wp-content\/uploads\/2017\/05\/20170513_152302.png?w=1280&amp;ssl=1 1280w\" sizes=\"auto, (max-width: 700px) 100vw, 700px\" \/><p id=\"caption-attachment-1595\" class=\"wp-caption-text\">En plein travail de s\u00e9lection!<\/p><\/div>\n<h3 style=\"text-align: justify;\">&nbsp;Concours<\/h3>\n<p style=\"text-align: justify;\">Plus que 15 jours avant la date limite du concours amateur! A vos cam\u00e9ras! \ud83d\ude42<\/p>\n<p style=\"text-align: justify;\"><iframe loading=\"lazy\" src=\"\/\/www.youtube.com\/embed\/5RnlpCZci1g\" width=\"450\" height=\"252\" allowfullscreen=\"allowfullscreen\"><\/iframe><\/p>\n<p style=\"text-align: justify;\">&nbsp;<\/p>\n<p>&nbsp;<\/p>\n","protected":false},"excerpt":{"rendered":"<p style=\"text-align: justify;\">Il est tout nouveau, tout chaud: voici le <a href=\"http:\/\/toutcourtfestival.fr\/index.php\/medias\/\">dossier de presse du Tout Court !<\/a> \ud83d\ude42<\/p>\n<p style=\"text-align: justify;\"><a href=\"http:\/\/toutcourtfestival.fr\/wp-content\/uploads\/2017\/01\/Tout-Court-Dossier-de-presse-v3-pour-web.pdf\"><\/a><\/p>\n<p style=\"text-align: justify;\">&nbsp;<\/p>\n<p style=\"text-align: justify;\">Par ailleurs, quelques nouvelles:<\/p>\n<p> Parrainage <\/p>\n<p style=\"text-align: justify;\">Le Tout Court ! a d\u00e9sormais un parrain: Alexandre Gavras, acteur, r\u00e9alisateur et producteur \u00e0 <a href=\"http:\/\/www.kgproductions.fr\/\">KG Productions<\/a>. Merci \u00e0 &hellip; <\/p>\n<p><a class=\"more-link btn\" href=\"https:\/\/toutcourtfestival.fr\/index.php\/2017\/05\/14\/dossier-de-presse-et-parrainage\/\">Continue reading<\/a><\/p>\n","protected":false},"author":1,"featured_media":1595,"comment_status":"closed","ping_status":"closed","sticky":false,"template":"","format":"standard","meta":{"ngg_post_thumbnail":0,"jetpack_post_was_ever_published":false,"_jetpack_newsletter_access":"","_jetpack_dont_email_post_to_subs":false,"_jetpack_newsletter_tier_id":0,"_jetpack_memberships_contains_paywalled_content":false,"_jetpack_memberships_contains_paid_content":false,"footnotes":"","jetpack_publicize_message":"","jetpack_publicize_feature_enabled":true,"jetpack_social_post_already_shared":true,"jetpack_social_options":{"image_generator_settings":{"template":"highway","default_image_id":0,"font":"","enabled":false},"version":2}},"categories":[4],"tags":[],"class_list":["post-1586","post","type-post","status-publish","format-standard","has-post-thumbnail","hentry","category-actualites","nodate","item-wrap"],"jetpack_publicize_connections":[],"jetpack_featured_media_url":"https:\/\/i0.wp.com\/toutcourtfestival.fr\/wp-content\/uploads\/2017\/05\/20170513_152302.png?fit=1280%2C720&ssl=1","jetpack_sharing_enabled":true,"jetpack_shortlink":"https:\/\/wp.me\/p8k6iw-pA","jetpack_likes_enabled":true,"_links":{"self":[{"href":"https:\/\/toutcourtfestival.fr\/index.php\/wp-json\/wp\/v2\/posts\/1586","targetHints":{"allow":["GET"]}}],"collection":[{"href":"https:\/\/toutcourtfestival.fr\/index.php\/wp-json\/wp\/v2\/posts"}],"about":[{"href":"https:\/\/toutcourtfestival.fr\/index.php\/wp-json\/wp\/v2\/types\/post"}],"author":[{"embeddable":true,"href":"https:\/\/toutcourtfestival.fr\/index.php\/wp-json\/wp\/v2\/users\/1"}],"replies":[{"embeddable":true,"href":"https:\/\/toutcourtfestival.fr\/index.php\/wp-json\/wp\/v2\/comments?post=1586"}],"version-history":[{"count":0,"href":"https:\/\/toutcourtfestival.fr\/index.php\/wp-json\/wp\/v2\/posts\/1586\/revisions"}],"wp:featuredmedia":[{"embeddable":true,"href":"https:\/\/toutcourtfestival.fr\/index.php\/wp-json\/wp\/v2\/media\/1595"}],"wp:attachment":[{"href":"https:\/\/toutcourtfestival.fr\/index.php\/wp-json\/wp\/v2\/media?parent=1586"}],"wp:term":[{"taxonomy":"category","embeddable":true,"href":"https:\/\/toutcourtfestival.fr\/index.php\/wp-json\/wp\/v2\/categories?post=1586"},{"taxonomy":"post_tag","embeddable":true,"href":"https:\/\/toutcourtfestival.fr\/index.php\/wp-json\/wp\/v2\/tags?post=1586"}],"curies":[{"name":"wp","href":"https:\/\/api.w.org\/{rel}","templated":true}]}}