{"id":3432,"date":"2017-09-15T23:14:16","date_gmt":"2017-09-15T21:14:16","guid":{"rendered":"http:\/\/toutcourtfestival.fr\/?p=3432"},"modified":"2017-09-16T12:22:58","modified_gmt":"2017-09-16T10:22:58","slug":"une-nouvelle-annee-sur-des-chapeaux-de-roue","status":"publish","type":"post","link":"https:\/\/toutcourtfestival.fr\/index.php\/2017\/09\/15\/une-nouvelle-annee-sur-des-chapeaux-de-roue\/","title":{"rendered":"Une nouvelle ann\u00e9e sur des chapeaux de roue!"},"content":{"rendered":"<div id=\"pl-3432\"  class=\"panel-layout\" ><div id=\"pg-3432-0\"  class=\"panel-grid panel-no-style\" ><div id=\"pgc-3432-0-0\"  class=\"panel-grid-cell\" ><div id=\"panel-3432-0-0-0\" class=\"so-panel widget widget_sow-headline panel-first-child panel-last-child\" data-index=\"0\" ><div\n\t\t\t\n\t\t\tclass=\"so-widget-sow-headline so-widget-sow-headline-default-6090f20097d1-3432\"\n\t\t\t\n\t\t><div class=\"sow-headline-container \">\n\t\t\t\t\t\t\t<h1 class=\"sow-headline\">\n\t\t\t\t\t\tUne nouvelle ann\u00e9e sur des chapeaux de roue!\t\t\t\t\t\t<\/h1>\n\t\t\t\t\t\t\t\t\t\t\t<div class=\"decoration\">\n\t\t\t\t\t\t<div class=\"decoration-inside\"><\/div>\n\t\t\t\t\t<\/div>\n\t\t\t\t\t<\/div>\n<\/div><\/div><\/div><\/div><div id=\"pg-3432-1\"  class=\"panel-grid panel-no-style\" ><div id=\"pgc-3432-1-0\"  class=\"panel-grid-cell panel-grid-cell-empty\" ><\/div><div id=\"pgc-3432-1-1\"  class=\"panel-grid-cell panel-grid-cell-mobile-last\" ><div id=\"panel-3432-1-1-0\" class=\"so-panel widget widget_sow-editor panel-first-child panel-last-child\" data-index=\"1\" ><div\n\t\t\t\n\t\t\tclass=\"so-widget-sow-editor so-widget-sow-editor-base\"\n\t\t\t\n\t\t>\n<div class=\"siteorigin-widget-tinymce textwidget\">\n\t<p style=\"text-align: justify;\"><img data-recalc-dims=\"1\" loading=\"lazy\" decoding=\"async\" class=\"wp-image-1402 alignright\" src=\"https:\/\/i0.wp.com\/toutcourtfestival.fr\/wp-content\/uploads\/2017\/03\/ToutCourt-logo-rouge-FOND-BLANC-300x219.png?resize=264%2C192\" alt=\"\" width=\"264\" height=\"192\" srcset=\"https:\/\/i0.wp.com\/toutcourtfestival.fr\/wp-content\/uploads\/2017\/03\/ToutCourt-logo-rouge-FOND-BLANC.png?resize=300%2C219&amp;ssl=1 300w, https:\/\/i0.wp.com\/toutcourtfestival.fr\/wp-content\/uploads\/2017\/03\/ToutCourt-logo-rouge-FOND-BLANC.png?resize=768%2C561&amp;ssl=1 768w, https:\/\/i0.wp.com\/toutcourtfestival.fr\/wp-content\/uploads\/2017\/03\/ToutCourt-logo-rouge-FOND-BLANC.png?resize=1024%2C748&amp;ssl=1 1024w, https:\/\/i0.wp.com\/toutcourtfestival.fr\/wp-content\/uploads\/2017\/03\/ToutCourt-logo-rouge-FOND-BLANC.png?w=1352&amp;ssl=1 1352w\" sizes=\"auto, (max-width: 264px) 100vw, 264px\" \/><\/p>\n<p style=\"text-align: justify;\">La semaine derni\u00e8re s'est tenue l'assembl\u00e9e g\u00e9n\u00e9rale du Tout Court ! Avec notamment deux jeunes participants dont un (\u00e2g\u00e9 de 16 ans) s'est m\u00eame engag\u00e9 dans le conseil d'administration! Preuve que les jeunes d'aujourd'hui ont envie de faire des choses, il faut juste leur en donner l'opportunit\u00e9.<\/p>\n<p style=\"text-align: justify;\">Deux d\u00e9cisions importantes ont \u00e9t\u00e9 prises:<\/p>\n<ul style=\"text-align: justify;\">\n<li>Les associations Premier Clap et Cin\u00e9-Jeunes vont \u00eatre renomm\u00e9e en <strong>Tout Court ! Oise<\/strong> et <strong>Tout Court ! Eure<\/strong>. Le festival Tout Court ! est une entit\u00e9 unique dont les actions sont port\u00e9es dans deux d\u00e9partements par ces associations qui lui sont li\u00e9es. Elles sont juridiquement distinctes, avec des si\u00e8ges diff\u00e9rents, mais sont g\u00e9r\u00e9es par les m\u00eames personnes selon des statuts communs (aux noms et adresses pr\u00eats). Les nouveaux statuts ont d'ailleurs \u00e9t\u00e9 vot\u00e9, que vous pouvez consulter <a href=\"http:\/\/toutcourtfestival.fr\/wp-content\/uploads\/2017\/09\/Statuts-communs-Tout-Court-Oise-et-Eure.pdf\" target=\"_blank\" rel=\"noopener\">en cliquant ici.<\/a> Les projets seront pris en charge par l'une ou l'autre des associations selon leurs g\u00e9ographies ou leurs publics, et selon les financements obtenus dans l'un ou l'autre d\u00e9partement.\u00a0<\/li>\n<li>La p\u00e9riode de l'\u00e9v\u00e9nement festival est report\u00e9e au moins de mars. Toutefois \u00e7a ne se fera pas avant l'\u00e9dition 2019, car la saison culturelle de Gisors 2018 est d\u00e9j\u00e0 boucl\u00e9e. La date de l'\u00e9dition 2018 est donc maintenue du 6 au 8 juillet, mais celle de 2019 ainsi que les suivantes se d\u00e9rouleront aux alentours de la mi-mars.\u00a0<\/li>\n<\/ul>\n<p style=\"text-align: justify;\">Le Festival Tout Court ! ce ne sera pas seulement un \u00e9v\u00e9nement annuel dans la ville de Gisors, <strong>mais \u00e9galement des actions men\u00e9es toute l'ann\u00e9e dans l'Eure et dans l'Oise<\/strong>\u00a0(avec extension possible au Val d'Oise) selon trois axes:<\/p>\n<ul style=\"text-align: justify;\">\n<li><strong>Faire un festival:<\/strong>\u00a0organisation de l'\u00e9dition suivante en impliquant des jeunes du territoire dans le processus (direction artistique, s\u00e9lections, jury lyc\u00e9en, logistique...). <a href=\"http:\/\/toutcourtfestival.fr\/index.php\/direction-artistique\/\" target=\"_blank\" rel=\"noopener\">Cliquez ici pour des d\u00e9tails.<\/a><\/li>\n<li><strong>Actions aupr\u00e8s des jeunes<\/strong> eux-m\u00eame tel que production de films les impliquant, ateliers, rencontres, sorties, etc... <a href=\"http:\/\/toutcourtfestival.fr\/index.php\/creation-education-a-limage\/\" target=\"_blank\" rel=\"noopener\">Cliquez ici pour des d\u00e9tails.<\/a> On commence d\u00e8s le week-end prochain avec les <a href=\"http:\/\/toutcourtfestival.fr\/index.php\/faire-un-film-en-48h\/\" target=\"_blank\" rel=\"noopener\">48h film project<\/a>! \u00a0<\/li>\n<li><strong>Actions aupr\u00e8s des structures<\/strong> jeunesses et sociales (association, scolaires, etc...) pour les aider \u00e0 mener des projets de cr\u00e9ation audiovisuelle avec leur public.\u00a0<a href=\"http:\/\/toutcourtfestival.fr\/index.php\/aide-aux-structures\/\" target=\"_blank\" rel=\"noopener\">Cliquez ici pour des d\u00e9tails.<\/a><\/li>\n<\/ul>\n<p style=\"text-align: justify;\">Bref, c'est une seconde ann\u00e9e qui commence sur des chapeaux de roue!<\/p>\n<\/div>\n<\/div><\/div><\/div><div id=\"pgc-3432-1-2\"  class=\"panel-grid-cell panel-grid-cell-empty\" ><\/div><\/div><div id=\"pg-3432-2\"  class=\"panel-grid panel-no-style\" ><div id=\"pgc-3432-2-0\"  class=\"panel-grid-cell\" ><div id=\"panel-3432-2-0-0\" class=\"so-panel widget widget_text panel-first-child panel-last-child\" data-index=\"2\" >\t\t\t<div class=\"textwidget\"><style>.entry-title {display:none;}<\/style>\n<\/div>\n\t\t<\/div><\/div><\/div><\/div>","protected":false},"excerpt":{"rendered":"<p>Une nouvelle ann\u00e9e sur des chapeaux de roue! <\/p>\n<p style=\"text-align: justify;\">\n<p style=\"text-align: justify;\">La semaine derni\u00e8re s&#8217;est tenue l&#8217;assembl\u00e9e g\u00e9n\u00e9rale du Tout Court ! Avec notamment deux jeunes participants dont un (\u00e2g\u00e9 de 16 ans) s&#8217;est m\u00eame engag\u00e9 dans le conseil d&#8217;administration! Preuve que les jeunes d&#8217;aujourd&#8217;hui ont envie de faire des choses, il faut &hellip; <\/p>\n<p><a class=\"more-link btn\" href=\"https:\/\/toutcourtfestival.fr\/index.php\/2017\/09\/15\/une-nouvelle-annee-sur-des-chapeaux-de-roue\/\">Continue reading<\/a><\/p>\n","protected":false},"author":1,"featured_media":1402,"comment_status":"closed","ping_status":"closed","sticky":false,"template":"","format":"standard","meta":{"ngg_post_thumbnail":0,"jetpack_post_was_ever_published":false,"_jetpack_newsletter_access":"","_jetpack_dont_email_post_to_subs":false,"_jetpack_newsletter_tier_id":0,"_jetpack_memberships_contains_paywalled_content":false,"_jetpack_memberships_contains_paid_content":false,"footnotes":"","jetpack_publicize_message":"","jetpack_publicize_feature_enabled":true,"jetpack_social_post_already_shared":true,"jetpack_social_options":{"image_generator_settings":{"template":"highway","default_image_id":0,"font":"","enabled":false},"version":2}},"categories":[4],"tags":[],"class_list":["post-3432","post","type-post","status-publish","format-standard","has-post-thumbnail","hentry","category-actualites","nodate","item-wrap"],"jetpack_publicize_connections":[],"jetpack_featured_media_url":"https:\/\/i0.wp.com\/toutcourtfestival.fr\/wp-content\/uploads\/2017\/03\/ToutCourt-logo-rouge-FOND-BLANC.png?fit=1352%2C988&ssl=1","jetpack_sharing_enabled":true,"jetpack_shortlink":"https:\/\/wp.me\/p8k6iw-Tm","jetpack_likes_enabled":true,"_links":{"self":[{"href":"https:\/\/toutcourtfestival.fr\/index.php\/wp-json\/wp\/v2\/posts\/3432","targetHints":{"allow":["GET"]}}],"collection":[{"href":"https:\/\/toutcourtfestival.fr\/index.php\/wp-json\/wp\/v2\/posts"}],"about":[{"href":"https:\/\/toutcourtfestival.fr\/index.php\/wp-json\/wp\/v2\/types\/post"}],"author":[{"embeddable":true,"href":"https:\/\/toutcourtfestival.fr\/index.php\/wp-json\/wp\/v2\/users\/1"}],"replies":[{"embeddable":true,"href":"https:\/\/toutcourtfestival.fr\/index.php\/wp-json\/wp\/v2\/comments?post=3432"}],"version-history":[{"count":0,"href":"https:\/\/toutcourtfestival.fr\/index.php\/wp-json\/wp\/v2\/posts\/3432\/revisions"}],"wp:featuredmedia":[{"embeddable":true,"href":"https:\/\/toutcourtfestival.fr\/index.php\/wp-json\/wp\/v2\/media\/1402"}],"wp:attachment":[{"href":"https:\/\/toutcourtfestival.fr\/index.php\/wp-json\/wp\/v2\/media?parent=3432"}],"wp:term":[{"taxonomy":"category","embeddable":true,"href":"https:\/\/toutcourtfestival.fr\/index.php\/wp-json\/wp\/v2\/categories?post=3432"},{"taxonomy":"post_tag","embeddable":true,"href":"https:\/\/toutcourtfestival.fr\/index.php\/wp-json\/wp\/v2\/tags?post=3432"}],"curies":[{"name":"wp","href":"https:\/\/api.w.org\/{rel}","templated":true}]}}