{"id":4018,"date":"2017-11-19T16:56:30","date_gmt":"2017-11-19T15:56:30","guid":{"rendered":"http:\/\/toutcourtfestival.fr\/?p=4018"},"modified":"2018-04-19T22:48:59","modified_gmt":"2018-04-19T20:48:59","slug":"faire-un-film-a-15-ans","status":"publish","type":"post","link":"https:\/\/toutcourtfestival.fr\/index.php\/2017\/11\/19\/faire-un-film-a-15-ans\/","title":{"rendered":"Faire un film \u00e0 15 ans !"},"content":{"rendered":"<div id=\"pl-4018\"  class=\"panel-layout\" ><div id=\"pg-4018-0\"  class=\"panel-grid panel-no-style\" ><div id=\"pgc-4018-0-0\"  class=\"panel-grid-cell\" ><div id=\"panel-4018-0-0-0\" class=\"so-panel widget widget_sow-headline panel-first-child panel-last-child\" data-index=\"0\" ><div\n\t\t\t\n\t\t\tclass=\"so-widget-sow-headline so-widget-sow-headline-default-6090f20097d1-4018\"\n\t\t\t\n\t\t><div class=\"sow-headline-container \">\n\t\t\t\t\t\t\t<h1 class=\"sow-headline\">\n\t\t\t\t\t\tFaire un film \u00e0 15 ans !\t\t\t\t\t\t<\/h1>\n\t\t\t\t\t\t\t\t\t\t\t<div class=\"decoration\">\n\t\t\t\t\t\t<div class=\"decoration-inside\"><\/div>\n\t\t\t\t\t<\/div>\n\t\t\t\t\t<\/div>\n<\/div><\/div><\/div><\/div><div id=\"pg-4018-1\"  class=\"panel-grid panel-no-style\" ><div id=\"pgc-4018-1-0\"  class=\"panel-grid-cell panel-grid-cell-empty\" ><\/div><div id=\"pgc-4018-1-1\"  class=\"panel-grid-cell panel-grid-cell-mobile-last\" ><div id=\"panel-4018-1-1-0\" class=\"so-panel widget widget_sow-editor panel-first-child panel-last-child\" data-index=\"1\" ><div\n\t\t\t\n\t\t\tclass=\"so-widget-sow-editor so-widget-sow-editor-base\"\n\t\t\t\n\t\t>\n<div class=\"siteorigin-widget-tinymce textwidget\">\n\t<p style=\"text-align: justify;\"><a href=\"https:\/\/i0.wp.com\/toutcourtfestival.fr\/wp-content\/uploads\/2017\/11\/Le-proces-Novum-Film-dossier_fonds_emergence_2017_Page_11.jpg\"><img data-recalc-dims=\"1\" loading=\"lazy\" decoding=\"async\" class=\" wp-image-4019 alignleft\" src=\"https:\/\/i0.wp.com\/toutcourtfestival.fr\/wp-content\/uploads\/2017\/11\/Le-proces-Novum-Film-dossier_fonds_emergence_2017_Page_11-212x300.jpg?resize=205%2C291\" alt=\"\" width=\"205\" height=\"291\" srcset=\"https:\/\/i0.wp.com\/toutcourtfestival.fr\/wp-content\/uploads\/2017\/11\/Le-proces-Novum-Film-dossier_fonds_emergence_2017_Page_11.jpg?resize=212%2C300&amp;ssl=1 212w, https:\/\/i0.wp.com\/toutcourtfestival.fr\/wp-content\/uploads\/2017\/11\/Le-proces-Novum-Film-dossier_fonds_emergence_2017_Page_11.jpg?resize=768%2C1085&amp;ssl=1 768w, https:\/\/i0.wp.com\/toutcourtfestival.fr\/wp-content\/uploads\/2017\/11\/Le-proces-Novum-Film-dossier_fonds_emergence_2017_Page_11.jpg?resize=725%2C1024&amp;ssl=1 725w, https:\/\/i0.wp.com\/toutcourtfestival.fr\/wp-content\/uploads\/2017\/11\/Le-proces-Novum-Film-dossier_fonds_emergence_2017_Page_11.jpg?w=1241&amp;ssl=1 1241w\" sizes=\"auto, (max-width: 205px) 100vw, 205px\" \/><\/a>Un beau projet qui d\u00e9marre : le Tout Court ! participe \u00e0 la production d'un court-m\u00e9trage r\u00e9alis\u00e9 par un jeune Gisorsien de 15 ans et financ\u00e9 (entre autres) par une r\u00e9gion !<\/p>\n<p style=\"text-align: justify;\">Il s'agit d'une exp\u00e9rimentation, amen\u00e9e \u00e0 se renouveler si elle porte ses fruits. Depuis bient\u00f4t un an, un jeune festivalier \u00e2g\u00e9 de 15 ans travaille \u00e0 l'\u00e9criture d'un sc\u00e9nario de court-m\u00e9trage d'une dur\u00e9e d'environs 10 minutes. S\u00e9duit par la qualit\u00e9 de son id\u00e9e et de ses intentions cin\u00e9matographiques, le Tout Court ! l'a aid\u00e9 \u00e0 finaliser son travail puis l'a pr\u00e9sent\u00e9 \u00e0 une structure associative de production cin\u00e9ma, Novum Film, qui a d\u00e9cid\u00e9 de produire le film.<\/p>\n<p style=\"text-align: justify;\">Novum Film (bas\u00e9e dans l'Oise) a obtenu la semaine derni\u00e8re un financement pour la r\u00e9alisation du film de la part de la r\u00e9gion Hauts-de-France \u00e0 travers le <a href=\"http:\/\/www.pictanovo.com\/financer-un-projet\/emergence\/\">fond \u00e9mergence Pictanovo<\/a>. Elle prospecte \u00e9galement pour trouver des financements publics et priv\u00e9s c\u00f4t\u00e9 Eure, notamment \u00e0 Gisors.<\/p>\n<p><a href=\"http:\/\/toutcourtfestival.fr\/index.php\/2018\/04\/02\/ca-tourne-action\/\" target=\"_blank\" rel=\"noopener\">Le tournage<\/a> a eu lieu en mars 2018.\u00a0Novum Film a engag\u00e9 des professionnels afin d'entourer le r\u00e9alisateur d'une \u00e9quipe exp\u00e9riment\u00e9e et compenser ainsi le handicap de son jeune \u00e2ge. Le\u00a0Tout Court ! a organis\u00e9 sur le tournage des stages \u00e0 destination de jeunes passionn\u00e9s de Gisors et ses alentours, notamment des \u00e9l\u00e8ves du lyc\u00e9e Louis Michel - qui a \u00e9galement offert au film des lieux de tournage, vu qu'un certain nombre de d\u00e9roulent en milieu scolaire. Plus de d\u00e9tails sur l'aventure du tournage, ainsi que des photos,\u00a0<a href=\"http:\/\/toutcourtfestival.fr\/index.php\/2018\/04\/02\/ca-tourne-action\/\" target=\"_blank\" rel=\"noopener\">en cliquant ici<\/a>.<\/p>\n<p style=\"text-align: justify;\">Une fois le film termin\u00e9, en plus d'\u00eatre envoy\u00e9 \u00e0 des festivals par Novum Film il sera projet\u00e9 au Tout Court ! \u00e0 Gisors ainsi qu'\u00e0 travers tout le territoire de l'Oise par Cin\u00e9-Rural 60. Le calendrier actuel vise une fin de production avant l'\u00e9dition n\u00b02 du Tout Court !, ce qui nous permettrait de le diffuser aussit\u00f4t - dans le cas contraire ce serait pour la prochaine \u00e9dition.<\/p>\n<p style=\"text-align: justify;\">On vous tiendra vite au courant de l'\u00e9volution du projet !<\/p>\n<p style=\"text-align: justify;\"><a href=\"https:\/\/i0.wp.com\/toutcourtfestival.fr\/wp-content\/uploads\/2017\/11\/Capture.jpg\"><img data-recalc-dims=\"1\" loading=\"lazy\" decoding=\"async\" class=\"aligncenter wp-image-4022 size-large\" src=\"https:\/\/i0.wp.com\/toutcourtfestival.fr\/wp-content\/uploads\/2017\/11\/Capture-1024x650.jpg?resize=1024%2C650\" alt=\"\" width=\"1024\" height=\"650\" srcset=\"https:\/\/i0.wp.com\/toutcourtfestival.fr\/wp-content\/uploads\/2017\/11\/Capture.jpg?resize=1024%2C650&amp;ssl=1 1024w, https:\/\/i0.wp.com\/toutcourtfestival.fr\/wp-content\/uploads\/2017\/11\/Capture.jpg?resize=300%2C191&amp;ssl=1 300w, https:\/\/i0.wp.com\/toutcourtfestival.fr\/wp-content\/uploads\/2017\/11\/Capture.jpg?resize=768%2C488&amp;ssl=1 768w, https:\/\/i0.wp.com\/toutcourtfestival.fr\/wp-content\/uploads\/2017\/11\/Capture.jpg?w=1713&amp;ssl=1 1713w\" sizes=\"auto, (max-width: 1024px) 100vw, 1024px\" \/><\/a><\/p>\n<\/div>\n<\/div><\/div><\/div><div id=\"pgc-4018-1-2\"  class=\"panel-grid-cell panel-grid-cell-empty\" ><\/div><\/div><div id=\"pg-4018-2\"  class=\"panel-grid panel-no-style\" ><div id=\"pgc-4018-2-0\"  class=\"panel-grid-cell\" ><div id=\"panel-4018-2-0-0\" class=\"so-panel widget widget_text panel-first-child panel-last-child\" data-index=\"2\" >\t\t\t<div class=\"textwidget\"><style>.entry-title {display:none;}<\/style>\n<\/div>\n\t\t<\/div><\/div><\/div><\/div>","protected":false},"excerpt":{"rendered":"<p>Faire un film \u00e0 15 ans ! <\/p>\n<p style=\"text-align: justify;\"><a href=\"https:\/\/i0.wp.com\/toutcourtfestival.fr\/wp-content\/uploads\/2017\/11\/Le-proces-Novum-Film-dossier_fonds_emergence_2017_Page_11.jpg\"><\/a>Un beau projet qui d\u00e9marre : le Tout Court ! participe \u00e0 la production d&#8217;un court-m\u00e9trage r\u00e9alis\u00e9 par un jeune Gisorsien de 15 ans et financ\u00e9 (entre autres) par une r\u00e9gion !<\/p>\n<p style=\"text-align: justify;\">Il s&#8217;agit d&#8217;une exp\u00e9rimentation, amen\u00e9e \u00e0 se renouveler si elle porte &hellip; <\/p>\n<p><a class=\"more-link btn\" href=\"https:\/\/toutcourtfestival.fr\/index.php\/2017\/11\/19\/faire-un-film-a-15-ans\/\">Continue reading<\/a><\/p>\n","protected":false},"author":1,"featured_media":4022,"comment_status":"closed","ping_status":"closed","sticky":false,"template":"","format":"standard","meta":{"ngg_post_thumbnail":0,"jetpack_post_was_ever_published":false,"_jetpack_newsletter_access":"","_jetpack_dont_email_post_to_subs":false,"_jetpack_newsletter_tier_id":0,"_jetpack_memberships_contains_paywalled_content":false,"_jetpack_memberships_contains_paid_content":false,"footnotes":"","jetpack_publicize_message":"","jetpack_publicize_feature_enabled":true,"jetpack_social_post_already_shared":true,"jetpack_social_options":{"image_generator_settings":{"template":"highway","default_image_id":0,"font":"","enabled":false},"version":2}},"categories":[4],"tags":[],"class_list":["post-4018","post","type-post","status-publish","format-standard","has-post-thumbnail","hentry","category-actualites","nodate","item-wrap"],"jetpack_publicize_connections":[],"jetpack_featured_media_url":"https:\/\/i0.wp.com\/toutcourtfestival.fr\/wp-content\/uploads\/2017\/11\/Capture.jpg?fit=1713%2C1088&ssl=1","jetpack_sharing_enabled":true,"jetpack_shortlink":"https:\/\/wp.me\/p8k6iw-12O","jetpack_likes_enabled":true,"_links":{"self":[{"href":"https:\/\/toutcourtfestival.fr\/index.php\/wp-json\/wp\/v2\/posts\/4018","targetHints":{"allow":["GET"]}}],"collection":[{"href":"https:\/\/toutcourtfestival.fr\/index.php\/wp-json\/wp\/v2\/posts"}],"about":[{"href":"https:\/\/toutcourtfestival.fr\/index.php\/wp-json\/wp\/v2\/types\/post"}],"author":[{"embeddable":true,"href":"https:\/\/toutcourtfestival.fr\/index.php\/wp-json\/wp\/v2\/users\/1"}],"replies":[{"embeddable":true,"href":"https:\/\/toutcourtfestival.fr\/index.php\/wp-json\/wp\/v2\/comments?post=4018"}],"version-history":[{"count":0,"href":"https:\/\/toutcourtfestival.fr\/index.php\/wp-json\/wp\/v2\/posts\/4018\/revisions"}],"wp:featuredmedia":[{"embeddable":true,"href":"https:\/\/toutcourtfestival.fr\/index.php\/wp-json\/wp\/v2\/media\/4022"}],"wp:attachment":[{"href":"https:\/\/toutcourtfestival.fr\/index.php\/wp-json\/wp\/v2\/media?parent=4018"}],"wp:term":[{"taxonomy":"category","embeddable":true,"href":"https:\/\/toutcourtfestival.fr\/index.php\/wp-json\/wp\/v2\/categories?post=4018"},{"taxonomy":"post_tag","embeddable":true,"href":"https:\/\/toutcourtfestival.fr\/index.php\/wp-json\/wp\/v2\/tags?post=4018"}],"curies":[{"name":"wp","href":"https:\/\/api.w.org\/{rel}","templated":true}]}}