{"id":5520,"date":"2018-05-29T19:35:45","date_gmt":"2018-05-29T17:35:45","guid":{"rendered":"http:\/\/toutcourtfestival.fr\/?p=5520"},"modified":"2018-09-05T23:37:42","modified_gmt":"2018-09-05T21:37:42","slug":"les-selections-2018-sont-en-ligne","status":"publish","type":"post","link":"https:\/\/toutcourtfestival.fr\/index.php\/2018\/05\/29\/les-selections-2018-sont-en-ligne\/","title":{"rendered":"Les s\u00e9lections 2018 sont en ligne"},"content":{"rendered":"<div id=\"pl-5520\"  class=\"panel-layout\" ><div id=\"pg-5520-0\"  class=\"panel-grid panel-no-style\" ><div id=\"pgc-5520-0-0\"  class=\"panel-grid-cell\" ><div id=\"panel-5520-0-0-0\" class=\"so-panel widget widget_sow-headline panel-first-child panel-last-child\" data-index=\"0\" ><div\n\t\t\t\n\t\t\tclass=\"so-widget-sow-headline so-widget-sow-headline-default-6090f20097d1-5520\"\n\t\t\t\n\t\t><div class=\"sow-headline-container \">\n\t\t\t\t\t\t\t<h1 class=\"sow-headline\">\n\t\t\t\t\t\tLes s\u00e9lections 2018 sont en ligne !\t\t\t\t\t\t<\/h1>\n\t\t\t\t\t\t\t\t\t\t\t<div class=\"decoration\">\n\t\t\t\t\t\t<div class=\"decoration-inside\"><\/div>\n\t\t\t\t\t<\/div>\n\t\t\t\t\t<\/div>\n<\/div><\/div><\/div><\/div><div id=\"pg-5520-1\"  class=\"panel-grid panel-no-style\" ><div id=\"pgc-5520-1-0\"  class=\"panel-grid-cell panel-grid-cell-empty\" ><\/div><div id=\"pgc-5520-1-1\"  class=\"panel-grid-cell panel-grid-cell-mobile-last\" ><div id=\"panel-5520-1-1-0\" class=\"so-panel widget widget_sow-editor panel-first-child panel-last-child\" data-index=\"1\" ><div\n\t\t\t\n\t\t\tclass=\"so-widget-sow-editor so-widget-sow-editor-base\"\n\t\t\t\n\t\t>\n<div class=\"siteorigin-widget-tinymce textwidget\">\n\t<p style=\"text-align: justify;\"><strong>Les s\u00e9lections 2018 sont enfin en ligne !<\/strong> Retrouvez-les <a href=\"http:\/\/toutcourtfestival.fr\/index.php\/selections-2018\/\">sur cette page.\u00a0<\/a><\/p>\n<p style=\"text-align: justify;\"><a href=\"http:\/\/toutcourtfestival.fr\/index.php\/selections-2018\/\"><img data-recalc-dims=\"1\" loading=\"lazy\" decoding=\"async\" class=\"wp-image-5523 size-full aligncenter\" src=\"https:\/\/i0.wp.com\/toutcourtfestival.fr\/wp-content\/uploads\/2018\/05\/selections.jpg?resize=728%2C366\" alt=\"\" width=\"728\" height=\"366\" srcset=\"https:\/\/i0.wp.com\/toutcourtfestival.fr\/wp-content\/uploads\/2018\/05\/selections.jpg?w=728&amp;ssl=1 728w, https:\/\/i0.wp.com\/toutcourtfestival.fr\/wp-content\/uploads\/2018\/05\/selections.jpg?resize=300%2C151&amp;ssl=1 300w\" sizes=\"auto, (max-width: 728px) 100vw, 728px\" \/><\/a><\/p>\n<p style=\"text-align: justify;\">Apr\u00e8s des mois de visionnage (plus de 500 films inscrits!) de d\u00e9bats, de choix parfois difficiles, de programmation... les jeunes et moins jeunes du Tout Court ! et du service jeunesse de Gisors vous pr\u00e9sentent enfin leur s\u00e9lection 2018 ! Ce sont les films que vous pourrez voir du 6 au 8 juillet \u00e0 Gisors, salle des f\u00eates et cin\u00e9ma Jour-de-F\u00eate. Les horaires de s\u00e9ances seront communiqu\u00e9es ult\u00e9rieurement.<\/p>\n<p style=\"text-align: justify;\">La s\u00e9lection 2018 est riche et vari\u00e9e ! Comme l'an pass\u00e9 on retrouve notamment deux s\u00e9lections de films en comp\u00e9tition,\u00a0 choisis par les jeunes du Tout Court ! et du service jeunesse de Gisors, tr\u00e8s compl\u00e9mentaires avec des films d'un style tr\u00e8s diff\u00e9rent.<\/p>\n<p style=\"text-align: justify;\">En tout, 62 films professionnels seront montr\u00e9s en comp\u00e9tition et hors-comp\u00e9tition. Cette ann\u00e9e une belle part est consacr\u00e9e au cin\u00e9ma d'animation avec pas moins de 29 films soit pr\u00eat de la moiti\u00e9 !<\/p>\n<div id=\"attachment_5273\" style=\"width: 412px\" class=\"wp-caption aligncenter\"><a href=\"https:\/\/i0.wp.com\/toutcourtfestival.fr\/wp-content\/uploads\/2018\/05\/Hybrids_Photo9.jpg\"><img aria-describedby=\"caption-attachment-5273\" data-recalc-dims=\"1\" loading=\"lazy\" decoding=\"async\" class=\"wp-image-5273 \" src=\"https:\/\/i0.wp.com\/toutcourtfestival.fr\/wp-content\/uploads\/2018\/05\/Hybrids_Photo9-300x126.jpg?resize=412%2C174\" alt=\"\" width=\"412\" height=\"174\" srcset=\"https:\/\/i0.wp.com\/toutcourtfestival.fr\/wp-content\/uploads\/2018\/05\/Hybrids_Photo9.jpg?resize=300%2C126&amp;ssl=1 300w, https:\/\/i0.wp.com\/toutcourtfestival.fr\/wp-content\/uploads\/2018\/05\/Hybrids_Photo9.jpg?resize=1024%2C429&amp;ssl=1 1024w, https:\/\/i0.wp.com\/toutcourtfestival.fr\/wp-content\/uploads\/2018\/05\/Hybrids_Photo9.jpg?zoom=2&amp;resize=412%2C174&amp;ssl=1 824w, https:\/\/i0.wp.com\/toutcourtfestival.fr\/wp-content\/uploads\/2018\/05\/Hybrids_Photo9.jpg?zoom=3&amp;resize=412%2C174&amp;ssl=1 1236w\" sizes=\"auto, (max-width: 412px) 100vw, 412px\" \/><\/a><p id=\"caption-attachment-5273\" class=\"wp-caption-text\">Film \"Hybrids\", hors-comp\u00e9tition Films d'Ecole<\/p><\/div>\n<p style=\"text-align: justify;\">Les genres se r\u00e9partissent ainsi:<\/p>\n<pre>Com\u00e9die 35% \nDrame 31%\nFantastique 8% \nScience-fiction 4% \nConte 4% \nAventure 2% \nPolicier 2% \nSuspense 2% \nPortrait 2% \nAutres 10%<\/pre>\n<p style=\"text-align: justify;\">Sept films ne sont pas fran\u00e7ais: N\u00e9erlandais,\u00a0Anglais (pour trois d'entre eux), Roumain, Quebecois et Russe.<\/p>\n<div id=\"attachment_5130\" style=\"width: 391px\" class=\"wp-caption aligncenter\"><a href=\"https:\/\/i0.wp.com\/toutcourtfestival.fr\/wp-content\/uploads\/2018\/05\/photo1_RAISA.jpeg\"><img aria-describedby=\"caption-attachment-5130\" data-recalc-dims=\"1\" loading=\"lazy\" decoding=\"async\" class=\"wp-image-5130 \" src=\"https:\/\/i0.wp.com\/toutcourtfestival.fr\/wp-content\/uploads\/2018\/05\/photo1_RAISA-300x125.jpeg?resize=391%2C163\" alt=\"\" width=\"391\" height=\"163\" srcset=\"https:\/\/i0.wp.com\/toutcourtfestival.fr\/wp-content\/uploads\/2018\/05\/photo1_RAISA.jpeg?resize=300%2C125&amp;ssl=1 300w, https:\/\/i0.wp.com\/toutcourtfestival.fr\/wp-content\/uploads\/2018\/05\/photo1_RAISA.jpeg?resize=768%2C319&amp;ssl=1 768w, https:\/\/i0.wp.com\/toutcourtfestival.fr\/wp-content\/uploads\/2018\/05\/photo1_RAISA.jpeg?w=1000&amp;ssl=1 1000w\" sizes=\"auto, (max-width: 391px) 100vw, 391px\" \/><\/a><p id=\"caption-attachment-5130\" class=\"wp-caption-text\">Film \"RAISA\", hors-comp\u00e9tition \"Encadrants\"<\/p><\/div>\n<p style=\"text-align: justify;\">Quand aux s\u00e9lections amateurs, elle ne sont pas encore enti\u00e8rement achev\u00e9es.<\/p>\n<p style=\"text-align: justify;\">\n<p style=\"text-align: justify;\">\n<\/div>\n<\/div><\/div><\/div><div id=\"pgc-5520-1-2\"  class=\"panel-grid-cell panel-grid-cell-empty\" ><\/div><\/div><div id=\"pg-5520-2\"  class=\"panel-grid panel-no-style\" ><div id=\"pgc-5520-2-0\"  class=\"panel-grid-cell\" ><div id=\"panel-5520-2-0-0\" class=\"so-panel widget widget_text panel-first-child panel-last-child\" data-index=\"2\" >\t\t\t<div class=\"textwidget\"><style>.entry-title {display:none;}<\/style>\n<\/div>\n\t\t<\/div><\/div><\/div><\/div>","protected":false},"excerpt":{"rendered":"<p>Les s\u00e9lections 2018 sont en ligne ! <\/p>\n<p style=\"text-align: justify;\"><strong>Les s\u00e9lections 2018 sont enfin en ligne !<\/strong> Retrouvez-les <a href=\"http:\/\/toutcourtfestival.fr\/index.php\/selections-2018\/\">sur cette page.\u00a0<\/a><\/p>\n<p style=\"text-align: justify;\"><a href=\"http:\/\/toutcourtfestival.fr\/index.php\/selections-2018\/\"><\/a><\/p>\n<p style=\"text-align: justify;\">Apr\u00e8s des mois de visionnage (plus de 500 films inscrits!) de d\u00e9bats, de choix parfois difficiles, de programmation&#8230; les jeunes et moins jeunes du Tout Court ! &hellip; <\/p>\n<p><a class=\"more-link btn\" href=\"https:\/\/toutcourtfestival.fr\/index.php\/2018\/05\/29\/les-selections-2018-sont-en-ligne\/\">Continue reading<\/a><\/p>\n","protected":false},"author":1,"featured_media":5273,"comment_status":"closed","ping_status":"closed","sticky":false,"template":"","format":"standard","meta":{"ngg_post_thumbnail":0,"jetpack_post_was_ever_published":false,"_jetpack_newsletter_access":"","_jetpack_dont_email_post_to_subs":false,"_jetpack_newsletter_tier_id":0,"_jetpack_memberships_contains_paywalled_content":false,"_jetpack_memberships_contains_paid_content":false,"footnotes":"","jetpack_publicize_message":"","jetpack_publicize_feature_enabled":true,"jetpack_social_post_already_shared":true,"jetpack_social_options":{"image_generator_settings":{"template":"highway","default_image_id":0,"font":"","enabled":false},"version":2}},"categories":[4],"tags":[],"class_list":["post-5520","post","type-post","status-publish","format-standard","has-post-thumbnail","hentry","category-actualites","nodate","item-wrap"],"jetpack_publicize_connections":[],"jetpack_featured_media_url":"https:\/\/i0.wp.com\/toutcourtfestival.fr\/wp-content\/uploads\/2018\/05\/Hybrids_Photo9.jpg?fit=2048%2C857&ssl=1","jetpack_sharing_enabled":true,"jetpack_shortlink":"https:\/\/wp.me\/p8k6iw-1r2","jetpack_likes_enabled":true,"_links":{"self":[{"href":"https:\/\/toutcourtfestival.fr\/index.php\/wp-json\/wp\/v2\/posts\/5520","targetHints":{"allow":["GET"]}}],"collection":[{"href":"https:\/\/toutcourtfestival.fr\/index.php\/wp-json\/wp\/v2\/posts"}],"about":[{"href":"https:\/\/toutcourtfestival.fr\/index.php\/wp-json\/wp\/v2\/types\/post"}],"author":[{"embeddable":true,"href":"https:\/\/toutcourtfestival.fr\/index.php\/wp-json\/wp\/v2\/users\/1"}],"replies":[{"embeddable":true,"href":"https:\/\/toutcourtfestival.fr\/index.php\/wp-json\/wp\/v2\/comments?post=5520"}],"version-history":[{"count":0,"href":"https:\/\/toutcourtfestival.fr\/index.php\/wp-json\/wp\/v2\/posts\/5520\/revisions"}],"wp:featuredmedia":[{"embeddable":true,"href":"https:\/\/toutcourtfestival.fr\/index.php\/wp-json\/wp\/v2\/media\/5273"}],"wp:attachment":[{"href":"https:\/\/toutcourtfestival.fr\/index.php\/wp-json\/wp\/v2\/media?parent=5520"}],"wp:term":[{"taxonomy":"category","embeddable":true,"href":"https:\/\/toutcourtfestival.fr\/index.php\/wp-json\/wp\/v2\/categories?post=5520"},{"taxonomy":"post_tag","embeddable":true,"href":"https:\/\/toutcourtfestival.fr\/index.php\/wp-json\/wp\/v2\/tags?post=5520"}],"curies":[{"name":"wp","href":"https:\/\/api.w.org\/{rel}","templated":true}]}}