{"id":5964,"date":"2018-08-27T02:34:10","date_gmt":"2018-08-27T00:34:10","guid":{"rendered":"http:\/\/toutcourtfestival.fr\/?p=5964"},"modified":"2018-09-05T23:37:26","modified_gmt":"2018-09-05T21:37:26","slug":"bilan-2017-2018-et-nouvelle-annee","status":"publish","type":"post","link":"https:\/\/toutcourtfestival.fr\/index.php\/2018\/08\/27\/bilan-2017-2018-et-nouvelle-annee\/","title":{"rendered":"Bilan 2017-2018 et nouvelle ann\u00e9e"},"content":{"rendered":"<div id=\"pl-5964\"  class=\"panel-layout\" ><div id=\"pg-5964-0\"  class=\"panel-grid panel-no-style\" ><div id=\"pgc-5964-0-0\"  class=\"panel-grid-cell\" ><div id=\"panel-5964-0-0-0\" class=\"so-panel widget widget_sow-headline panel-first-child panel-last-child\" data-index=\"0\" ><div\n\t\t\t\n\t\t\tclass=\"so-widget-sow-headline so-widget-sow-headline-default-6090f20097d1-5964\"\n\t\t\t\n\t\t><div class=\"sow-headline-container \">\n\t\t\t\t\t\t\t<h1 class=\"sow-headline\">\n\t\t\t\t\t\t Bilan 2017-2018 et nouvelle ann\u00e9e!\t\t\t\t\t\t<\/h1>\n\t\t\t\t\t\t\t\t\t\t\t<div class=\"decoration\">\n\t\t\t\t\t\t<div class=\"decoration-inside\"><\/div>\n\t\t\t\t\t<\/div>\n\t\t\t\t\t<\/div>\n<\/div><\/div><\/div><\/div><div id=\"pg-5964-1\"  class=\"panel-grid panel-no-style\" ><div id=\"pgc-5964-1-0\"  class=\"panel-grid-cell panel-grid-cell-empty\" ><\/div><div id=\"pgc-5964-1-1\"  class=\"panel-grid-cell panel-grid-cell-mobile-last\" ><div id=\"panel-5964-1-1-0\" class=\"so-panel widget widget_sow-editor panel-first-child panel-last-child\" data-index=\"1\" ><div\n\t\t\t\n\t\t\tclass=\"so-widget-sow-editor so-widget-sow-editor-base\"\n\t\t\t\n\t\t>\n<div class=\"siteorigin-widget-tinymce textwidget\">\n\t<p>L'\u00e9t\u00e9 se termine, c'est bient\u00f4t la rentr\u00e9e pour le Tout Court !<\/p>\n<p>Les rapports d'activit\u00e9s et financiers pour l'ann\u00e9e 2017-2018, et les projets et budgets pr\u00e9visionnels pour 2018-2019 sont en ligne. Vous pouvez les consulter en cliquant sur les liens suivants:<\/p>\n<p><a href=\"https:\/\/drive.google.com\/open?id=1KZyRSpJlUDxAqmlL-elgfqfKIK9g1dVe\">- Rapport d'activit\u00e9 \/ rapport moral commun \u00e0 Tout Court ! Eure et Tout Court ! Oise<\/a><br \/>\n<a href=\"https:\/\/drive.google.com\/open?id=12jidWkFQqy_WTM76AlaR45FapOmau795\"> - Rapport financier et budget pr\u00e9visionnel pour Tout Court ! Eure<\/a><br \/>\n<a href=\"https:\/\/drive.google.com\/open?id=15CllNELNaxBvY8XmnbGgLX-67yIvdEkG\"> - Rapport financier et budget pr\u00e9visionnel pour Tout Court ! Oise<\/a><br \/>\n- Et pour m\u00e9mo, les statuts des associations: <a href=\"https:\/\/drive.google.com\/open?id=1Hv_9CW7X8VYYMVjl_pCYYAabXS_UD3An\">Eure<\/a> et <a href=\"https:\/\/drive.google.com\/open?id=1OvUJoXQvGRMLRMcYYfnKcQyCvvg599Dd\">Oise<\/a>.<\/p>\n<p>Les premi\u00e8res dates \u00e0 retenir pour le Tout Court ! cette ann\u00e9e sont les suivantes :<\/p>\n<ul>\n<li><strong>Samedi 1er septembre:<\/strong> nous serons au Forum des Associations de Gisors de 10h \u00e0 17h - <a href=\"https:\/\/goo.gl\/maps\/RRMSgzRpgy72\">Complexe Maurice Tassus, avenue Victor Hugo \u00e0 Gisors.\u00a0<\/a>N'h\u00e9sitez pas \u00e0 passer nous voir pour adh\u00e9rer, vous inscrire ou simplement discuter!<\/li>\n<li><strong>Dimanche 23 septembre:<\/strong> Assembl\u00e9e G\u00e9n\u00e9rale \u00e0 15h salle Guernica au Boigdeloup, <a href=\"https:\/\/goo.gl\/maps\/dtLB582gRa42\">1 Place du Baron de Bailleul, \u00e0 Gisors<\/a>, ouverte \u00e0 tous m\u00eame si vous n'\u00eates pas adh\u00e9rents.<\/li>\n<li><strong>Samedi 29 septembre:<\/strong> pr\u00e9paration des 48h film project.<\/li>\n<li><strong>5-7 octobre:<\/strong> Week-end des 48h film project. Une communication sp\u00e9cifique sera faite tr\u00e8s bient\u00f4t \u00e0 ce sujet. Dors et d\u00e9j\u00e0, vous pouvez voir des\u00a0<a href=\"http:\/\/toutcourtfestival.fr\/index.php\/faire-un-film-en-48h\/\">d\u00e9tails et vous inscrire en cliquant ici.<\/a><\/li>\n<\/ul>\n<p>&nbsp;<\/p>\n<p>A voir \u00e9galement l'affiche pour le forum et\u00a0<a href=\"http:\/\/toutcourtfestival.fr\/wp-content\/uploads\/2018\/08\/Plaquette-A5-pour-web.pdf\">la nouvelle plaquette de pr\u00e9sentation A5:<\/a><\/p>\n<p><a href=\"http:\/\/toutcourtfestival.fr\/wp-content\/uploads\/2018\/08\/Affiche-forum-assoces.jpg\">\u00a0<\/a><a href=\"https:\/\/i0.wp.com\/toutcourtfestival.fr\/wp-content\/uploads\/2018\/08\/Affiche-forum-assoces.jpg\"><img data-recalc-dims=\"1\" loading=\"lazy\" decoding=\"async\" class=\"alignnone wp-image-5974 size-medium\" src=\"https:\/\/i0.wp.com\/toutcourtfestival.fr\/wp-content\/uploads\/2018\/08\/Affiche-forum-assoces-212x300.jpg?resize=212%2C300\" alt=\"\" width=\"212\" height=\"300\" srcset=\"https:\/\/i0.wp.com\/toutcourtfestival.fr\/wp-content\/uploads\/2018\/08\/Affiche-forum-assoces.jpg?resize=212%2C300&amp;ssl=1 212w, https:\/\/i0.wp.com\/toutcourtfestival.fr\/wp-content\/uploads\/2018\/08\/Affiche-forum-assoces.jpg?resize=768%2C1087&amp;ssl=1 768w, https:\/\/i0.wp.com\/toutcourtfestival.fr\/wp-content\/uploads\/2018\/08\/Affiche-forum-assoces.jpg?resize=723%2C1024&amp;ssl=1 723w, https:\/\/i0.wp.com\/toutcourtfestival.fr\/wp-content\/uploads\/2018\/08\/Affiche-forum-assoces.jpg?w=1356&amp;ssl=1 1356w\" sizes=\"auto, (max-width: 212px) 100vw, 212px\" \/><\/a><a href=\"http:\/\/toutcourtfestival.fr\/wp-content\/uploads\/2018\/08\/Plaquette-A5-pour-web.pdf\">\u00a0 \u00a0<img data-recalc-dims=\"1\" loading=\"lazy\" decoding=\"async\" class=\"alignnone wp-image-5980 size-medium\" src=\"https:\/\/i0.wp.com\/toutcourtfestival.fr\/wp-content\/uploads\/2018\/08\/Plaquette-A5-pour-web-300x212.jpg?resize=300%2C212\" alt=\"\" width=\"300\" height=\"212\" srcset=\"https:\/\/i0.wp.com\/toutcourtfestival.fr\/wp-content\/uploads\/2018\/08\/Plaquette-A5-pour-web.jpg?resize=300%2C212&amp;ssl=1 300w, https:\/\/i0.wp.com\/toutcourtfestival.fr\/wp-content\/uploads\/2018\/08\/Plaquette-A5-pour-web.jpg?resize=768%2C543&amp;ssl=1 768w, https:\/\/i0.wp.com\/toutcourtfestival.fr\/wp-content\/uploads\/2018\/08\/Plaquette-A5-pour-web.jpg?resize=1024%2C724&amp;ssl=1 1024w, https:\/\/i0.wp.com\/toutcourtfestival.fr\/wp-content\/uploads\/2018\/08\/Plaquette-A5-pour-web.jpg?w=1754&amp;ssl=1 1754w\" sizes=\"auto, (max-width: 300px) 100vw, 300px\" \/><\/a><\/p>\n<p>&nbsp;<\/p>\n<p>A tr\u00e8s bient\u00f4t!<\/p>\n<p><a href=\"https:\/\/i0.wp.com\/toutcourtfestival.fr\/wp-content\/uploads\/2018\/07\/20180707_204736.jpg\"><img data-recalc-dims=\"1\" loading=\"lazy\" decoding=\"async\" class=\"alignnone wp-image-5892 size-large\" src=\"https:\/\/i0.wp.com\/toutcourtfestival.fr\/wp-content\/uploads\/2018\/07\/20180707_204736-1024x576.jpg?resize=1024%2C576\" alt=\"\" width=\"1024\" height=\"576\" srcset=\"https:\/\/i0.wp.com\/toutcourtfestival.fr\/wp-content\/uploads\/2018\/07\/20180707_204736.jpg?resize=1024%2C576&amp;ssl=1 1024w, https:\/\/i0.wp.com\/toutcourtfestival.fr\/wp-content\/uploads\/2018\/07\/20180707_204736.jpg?resize=300%2C169&amp;ssl=1 300w, https:\/\/i0.wp.com\/toutcourtfestival.fr\/wp-content\/uploads\/2018\/07\/20180707_204736.jpg?resize=768%2C432&amp;ssl=1 768w\" sizes=\"auto, (max-width: 1024px) 100vw, 1024px\" \/><\/a><\/p>\n<p>&nbsp;<\/p>\n<\/div>\n<\/div><\/div><\/div><div id=\"pgc-5964-1-2\"  class=\"panel-grid-cell panel-grid-cell-empty\" ><\/div><\/div><div id=\"pg-5964-2\"  class=\"panel-grid panel-no-style\" ><div id=\"pgc-5964-2-0\"  class=\"panel-grid-cell\" ><div id=\"panel-5964-2-0-0\" class=\"so-panel widget widget_text panel-first-child panel-last-child\" data-index=\"2\" >\t\t\t<div class=\"textwidget\"><style>.entry-title {display:none;}<\/style>\n<\/div>\n\t\t<\/div><\/div><\/div><\/div>","protected":false},"excerpt":{"rendered":"<p>Bilan 2017-2018 et nouvelle ann\u00e9e! <\/p>\n<p>L&#8217;\u00e9t\u00e9 se termine, c&#8217;est bient\u00f4t la rentr\u00e9e pour le Tout Court !<\/p>\n<p>Les rapports d&#8217;activit\u00e9s et financiers pour l&#8217;ann\u00e9e 2017-2018, et les projets et budgets pr\u00e9visionnels pour 2018-2019 sont en ligne. Vous pouvez les consulter en cliquant sur les liens suivants:<\/p>\n<p><a href=\"https:\/\/drive.google.com\/open?id=1KZyRSpJlUDxAqmlL-elgfqfKIK9g1dVe\">&#8211; Rapport d&#8217;activit\u00e9 \/ rapport moral commun \u00e0 &hellip; <\/a><\/p>\n<p><a class=\"more-link btn\" href=\"https:\/\/toutcourtfestival.fr\/index.php\/2018\/08\/27\/bilan-2017-2018-et-nouvelle-annee\/\">Continue reading<\/a><\/p>\n","protected":false},"author":1,"featured_media":5974,"comment_status":"closed","ping_status":"closed","sticky":false,"template":"","format":"standard","meta":{"ngg_post_thumbnail":0,"jetpack_post_was_ever_published":false,"_jetpack_newsletter_access":"","_jetpack_dont_email_post_to_subs":false,"_jetpack_newsletter_tier_id":0,"_jetpack_memberships_contains_paywalled_content":false,"_jetpack_memberships_contains_paid_content":false,"footnotes":"","jetpack_publicize_message":"","jetpack_publicize_feature_enabled":true,"jetpack_social_post_already_shared":true,"jetpack_social_options":{"image_generator_settings":{"template":"highway","default_image_id":0,"font":"","enabled":false},"version":2}},"categories":[4],"tags":[],"class_list":["post-5964","post","type-post","status-publish","format-standard","has-post-thumbnail","hentry","category-actualites","nodate","item-wrap"],"jetpack_publicize_connections":[],"jetpack_featured_media_url":"https:\/\/i0.wp.com\/toutcourtfestival.fr\/wp-content\/uploads\/2018\/08\/Affiche-forum-assoces.jpg?fit=1356%2C1920&ssl=1","jetpack_sharing_enabled":true,"jetpack_shortlink":"https:\/\/wp.me\/p8k6iw-1yc","jetpack_likes_enabled":true,"_links":{"self":[{"href":"https:\/\/toutcourtfestival.fr\/index.php\/wp-json\/wp\/v2\/posts\/5964","targetHints":{"allow":["GET"]}}],"collection":[{"href":"https:\/\/toutcourtfestival.fr\/index.php\/wp-json\/wp\/v2\/posts"}],"about":[{"href":"https:\/\/toutcourtfestival.fr\/index.php\/wp-json\/wp\/v2\/types\/post"}],"author":[{"embeddable":true,"href":"https:\/\/toutcourtfestival.fr\/index.php\/wp-json\/wp\/v2\/users\/1"}],"replies":[{"embeddable":true,"href":"https:\/\/toutcourtfestival.fr\/index.php\/wp-json\/wp\/v2\/comments?post=5964"}],"version-history":[{"count":0,"href":"https:\/\/toutcourtfestival.fr\/index.php\/wp-json\/wp\/v2\/posts\/5964\/revisions"}],"wp:featuredmedia":[{"embeddable":true,"href":"https:\/\/toutcourtfestival.fr\/index.php\/wp-json\/wp\/v2\/media\/5974"}],"wp:attachment":[{"href":"https:\/\/toutcourtfestival.fr\/index.php\/wp-json\/wp\/v2\/media?parent=5964"}],"wp:term":[{"taxonomy":"category","embeddable":true,"href":"https:\/\/toutcourtfestival.fr\/index.php\/wp-json\/wp\/v2\/categories?post=5964"},{"taxonomy":"post_tag","embeddable":true,"href":"https:\/\/toutcourtfestival.fr\/index.php\/wp-json\/wp\/v2\/tags?post=5964"}],"curies":[{"name":"wp","href":"https:\/\/api.w.org\/{rel}","templated":true}]}}