{"id":6043,"date":"2018-10-15T02:12:55","date_gmt":"2018-10-15T00:12:55","guid":{"rendered":"http:\/\/toutcourtfestival.fr\/?p=6043"},"modified":"2018-10-15T02:36:34","modified_gmt":"2018-10-15T00:36:34","slug":"laventure-des-48h","status":"publish","type":"post","link":"https:\/\/toutcourtfestival.fr\/index.php\/2018\/10\/15\/laventure-des-48h\/","title":{"rendered":"L&#8217;aventure des 48h !"},"content":{"rendered":"<div id=\"pl-6043\"  class=\"panel-layout\" ><div id=\"pg-6043-0\"  class=\"panel-grid panel-no-style\" ><div id=\"pgc-6043-0-0\"  class=\"panel-grid-cell\" ><div id=\"panel-6043-0-0-0\" class=\"so-panel widget widget_sow-headline panel-first-child panel-last-child\" data-index=\"0\" ><div\n\t\t\t\n\t\t\tclass=\"so-widget-sow-headline so-widget-sow-headline-default-6090f20097d1-6043\"\n\t\t\t\n\t\t><div class=\"sow-headline-container \">\n\t\t\t\t\t\t\t<h1 class=\"sow-headline\">\n\t\t\t\t\t\tL'aventure des 48h\t\t\t\t\t\t<\/h1>\n\t\t\t\t\t\t\t\t\t\t\t<div class=\"decoration\">\n\t\t\t\t\t\t<div class=\"decoration-inside\"><\/div>\n\t\t\t\t\t<\/div>\n\t\t\t\t\t<\/div>\n<\/div><\/div><\/div><\/div><div id=\"pg-6043-1\"  class=\"panel-grid panel-no-style\" ><div id=\"pgc-6043-1-0\"  class=\"panel-grid-cell panel-grid-cell-empty\" ><\/div><div id=\"pgc-6043-1-1\"  class=\"panel-grid-cell panel-grid-cell-mobile-last\" ><div id=\"panel-6043-1-1-0\" class=\"so-panel widget widget_sow-editor panel-first-child panel-last-child\" data-index=\"1\" ><div\n\t\t\t\n\t\t\tclass=\"so-widget-sow-editor so-widget-sow-editor-base\"\n\t\t\t\n\t\t>\n<div class=\"siteorigin-widget-tinymce textwidget\">\n\t<p style=\"text-align: justify;\">Et voil\u00e0, le film des 48h mill\u00e9sime 2018 est dans la bo\u00eete!<\/p>\n<p style=\"text-align: justify;\">Si vous ne connaissez pas le principe des 48h, <a href=\"http:\/\/toutcourtfestival.fr\/index.php\/faire-un-film-en-48h\/\">voyez ici.<\/a> En bas de la page vous trouverez entre autres les films et making-of r\u00e9alis\u00e9s les 4 ann\u00e9es pr\u00e9c\u00e9dentes. Pour le Tout Court ! ce fut la deuxi\u00e8me occurrence, mais pour certains d'entre nous d\u00e9j\u00e0 la cinqui\u00e8me !<\/p>\n\n<h1 style=\"text-align: justify;\"><strong>Pr\u00e9parer son 48h<\/strong><\/h1>\n<iframe loading=\"lazy\" src=\"\/\/www.youtube.com\/embed\/dkAbB_auaqc\" width=\"560\" height=\"314\" allowfullscreen=\"allowfullscreen\"><\/iframe>\n<p style=\"text-align: justify;\">Un 48h \u00e7a se pr\u00e9pare un mois avant. Il faut trouver des com\u00e9diens, des techniciens, des lieux de tournage... Chez nous, ce sont les jeunes du Tout Court ! qui r\u00e9alisent le film, mais nous aimons faire appel \u00e0 des intervenant externes pour nous aider - acteurs et techniciens. \u00c7a nous permet d'avoir des personnages adultes dans nos films, et aux jeunes d'\u00eatre mieux encadr\u00e9s \u00e0 la technique.<\/p>\n<p style=\"text-align: justify;\">Pour les lieux, suite \u00e0 une annonce plusieurs ext\u00e9rieurs et int\u00e9rieurs nous sont propos\u00e9s, certains tr\u00e8s atypiques dont une magnifique et immense ferme totalement laiss\u00e9e \u00e0 l'abandon depuis plusieurs ann\u00e9es. Merci aux propri\u00e9taires! C'est que plus on a de propositions de lieux, plus on aura le choix le vendredi soir lors de l'\u00e9criture du sc\u00e9nario. Le week-end d'avant les 48h est en partie consacr\u00e9 aux rep\u00e9rages sur les diff\u00e9rents lieux - au point d'en crever un pneu sur un chemin perdu au milieu des champs...<\/p>\n\n\t\t<style type=\"text\/css\">\n\t\t\t#gallery-1 {\n\t\t\t\tmargin: auto;\n\t\t\t}\n\t\t\t#gallery-1 .gallery-item {\n\t\t\t\tfloat: left;\n\t\t\t\tmargin-top: 10px;\n\t\t\t\ttext-align: center;\n\t\t\t\twidth: 33%;\n\t\t\t}\n\t\t\t#gallery-1 img {\n\t\t\t\tborder: 2px solid #cfcfcf;\n\t\t\t}\n\t\t\t#gallery-1 .gallery-caption {\n\t\t\t\tmargin-left: 0;\n\t\t\t}\n\t\t\t\/* see gallery_shortcode() in wp-includes\/media.php *\/\n\t\t<\/style>\n\t\t<div id='gallery-1' class='gallery galleryid-6043 gallery-columns-3 gallery-size-medium'><dl class='gallery-item'>\n\t\t\t<dt class='gallery-icon landscape'>\n\t\t\t\t<a href=\"https:\/\/i0.wp.com\/toutcourtfestival.fr\/wp-content\/uploads\/2018\/10\/20180930_174711.jpg?ssl=1\"><img loading=\"lazy\" decoding=\"async\" width=\"300\" height=\"169\" src=\"https:\/\/i0.wp.com\/toutcourtfestival.fr\/wp-content\/uploads\/2018\/10\/20180930_174711.jpg?fit=300%2C169&amp;ssl=1\" class=\"attachment-medium size-medium\" alt=\"\" srcset=\"https:\/\/i0.wp.com\/toutcourtfestival.fr\/wp-content\/uploads\/2018\/10\/20180930_174711.jpg?w=2560&amp;ssl=1 2560w, https:\/\/i0.wp.com\/toutcourtfestival.fr\/wp-content\/uploads\/2018\/10\/20180930_174711.jpg?resize=300%2C169&amp;ssl=1 300w, https:\/\/i0.wp.com\/toutcourtfestival.fr\/wp-content\/uploads\/2018\/10\/20180930_174711.jpg?resize=768%2C432&amp;ssl=1 768w, https:\/\/i0.wp.com\/toutcourtfestival.fr\/wp-content\/uploads\/2018\/10\/20180930_174711.jpg?resize=1024%2C576&amp;ssl=1 1024w\" sizes=\"auto, (max-width: 300px) 100vw, 300px\" \/><\/a>\n\t\t\t<\/dt><\/dl><dl class='gallery-item'>\n\t\t\t<dt class='gallery-icon landscape'>\n\t\t\t\t<a href=\"https:\/\/i0.wp.com\/toutcourtfestival.fr\/wp-content\/uploads\/2018\/10\/20180930_175607.jpg?ssl=1\"><img loading=\"lazy\" decoding=\"async\" width=\"300\" height=\"169\" src=\"https:\/\/i0.wp.com\/toutcourtfestival.fr\/wp-content\/uploads\/2018\/10\/20180930_175607.jpg?fit=300%2C169&amp;ssl=1\" class=\"attachment-medium size-medium\" alt=\"\" srcset=\"https:\/\/i0.wp.com\/toutcourtfestival.fr\/wp-content\/uploads\/2018\/10\/20180930_175607.jpg?w=2560&amp;ssl=1 2560w, https:\/\/i0.wp.com\/toutcourtfestival.fr\/wp-content\/uploads\/2018\/10\/20180930_175607.jpg?resize=300%2C169&amp;ssl=1 300w, https:\/\/i0.wp.com\/toutcourtfestival.fr\/wp-content\/uploads\/2018\/10\/20180930_175607.jpg?resize=768%2C432&amp;ssl=1 768w, https:\/\/i0.wp.com\/toutcourtfestival.fr\/wp-content\/uploads\/2018\/10\/20180930_175607.jpg?resize=1024%2C576&amp;ssl=1 1024w\" sizes=\"auto, (max-width: 300px) 100vw, 300px\" \/><\/a>\n\t\t\t<\/dt><\/dl><dl class='gallery-item'>\n\t\t\t<dt class='gallery-icon landscape'>\n\t\t\t\t<a href=\"https:\/\/i0.wp.com\/toutcourtfestival.fr\/wp-content\/uploads\/2018\/10\/20180930_174718.jpg?ssl=1\"><img loading=\"lazy\" decoding=\"async\" width=\"300\" height=\"169\" src=\"https:\/\/i0.wp.com\/toutcourtfestival.fr\/wp-content\/uploads\/2018\/10\/20180930_174718.jpg?fit=300%2C169&amp;ssl=1\" class=\"attachment-medium size-medium\" alt=\"\" srcset=\"https:\/\/i0.wp.com\/toutcourtfestival.fr\/wp-content\/uploads\/2018\/10\/20180930_174718.jpg?w=2560&amp;ssl=1 2560w, https:\/\/i0.wp.com\/toutcourtfestival.fr\/wp-content\/uploads\/2018\/10\/20180930_174718.jpg?resize=300%2C169&amp;ssl=1 300w, https:\/\/i0.wp.com\/toutcourtfestival.fr\/wp-content\/uploads\/2018\/10\/20180930_174718.jpg?resize=768%2C432&amp;ssl=1 768w, https:\/\/i0.wp.com\/toutcourtfestival.fr\/wp-content\/uploads\/2018\/10\/20180930_174718.jpg?resize=1024%2C576&amp;ssl=1 1024w\" sizes=\"auto, (max-width: 300px) 100vw, 300px\" \/><\/a>\n\t\t\t<\/dt><\/dl><br style=\"clear: both\" \/>\n\t\t<\/div>\n\n\n<a href=\"https:\/\/i0.wp.com\/toutcourtfestival.fr\/wp-content\/uploads\/2018\/10\/20180930_180422.jpg\"><img data-recalc-dims=\"1\" loading=\"lazy\" decoding=\"async\" class=\"alignnone wp-image-6085 size-large\" src=\"https:\/\/i0.wp.com\/toutcourtfestival.fr\/wp-content\/uploads\/2018\/10\/20180930_180422-1024x576.jpg?resize=1024%2C576\" alt=\"\" width=\"1024\" height=\"576\" srcset=\"https:\/\/i0.wp.com\/toutcourtfestival.fr\/wp-content\/uploads\/2018\/10\/20180930_180422.jpg?resize=1024%2C576&amp;ssl=1 1024w, https:\/\/i0.wp.com\/toutcourtfestival.fr\/wp-content\/uploads\/2018\/10\/20180930_180422.jpg?resize=300%2C169&amp;ssl=1 300w, https:\/\/i0.wp.com\/toutcourtfestival.fr\/wp-content\/uploads\/2018\/10\/20180930_180422.jpg?resize=768%2C432&amp;ssl=1 768w\" sizes=\"auto, (max-width: 1024px) 100vw, 1024px\" \/><\/a>\n<p style=\"text-align: justify;\">Enfin il faut pr\u00e9parer la logistique. Merci la feuille Excel! Inscriptions, autorisations de sorties pour les mineurs, droit \u00e0 l'image, droits d'auteurs... Mais aussi organisation des d\u00e9placements, des repas, \u00e9tablissement du planning, formation des \u00e9quipes selon les souhaits et disponibilit\u00e9s, etc.... Nos 48h sont toujours \u00e0 budget z\u00e9ro : nous demandons donc une participation en nature (nourriture) aux familles des jeunes participants - mais c'est tout ce qui leur est demand\u00e9.<\/p>\n<p style=\"text-align: justify;\">Le week-end d'avant les 48h nous organisons une s\u00e9ance de pr\u00e9paration o\u00f9 les jeunes se familiarisent avec le mat\u00e9riel, et o\u00f9 on tourne une s\u00e9quence en conditions r\u00e9elles pour s'habituer aux m\u00e9thodes de travail et apprendre \u00e0 fonctionner ensemble. Silence! Moteur! \u00c7a tourne! Clap! Action! Coupez! Tout un processus bien rod\u00e9 mais qu'il faut apprendre quand on ne le connait pas. On test aussi un drone pr\u00eat\u00e9 par le p\u00e8re d'une participante: une premi\u00e8re sur nos tournage!<\/p>\n<p style=\"text-align: justify;\">Question acteurs nous avons 4 jeunes du Tout Court ! qui souhaitent jouer, dont un nouveau \u00e2g\u00e9 d'\u00e0 peine 11 ans mais qui deviendra tr\u00e8s vite la mascotte de l'\u00e9quipe\u00a0! Ainsi qu'une actrice adulte avec qui on travaille souvent. Nous avions d'autres propositions mais qui avaient besoin d'une r\u00e9ponse d\u00e9finitive avant le week-end des 48h: malheureusement l'exercice ne le permet pas, puisque le sc\u00e9nario - et donc les personnages - sont cr\u00e9\u00e9s le vendredi soir pour un tournage le lendemain.<\/p>\n<a href=\"https:\/\/i0.wp.com\/toutcourtfestival.fr\/wp-content\/uploads\/2018\/10\/MVI_4631.MOV_20181015_004634.488.jpg\"><img data-recalc-dims=\"1\" loading=\"lazy\" decoding=\"async\" class=\"alignnone wp-image-6087 size-large\" src=\"https:\/\/i0.wp.com\/toutcourtfestival.fr\/wp-content\/uploads\/2018\/10\/MVI_4631.MOV_20181015_004634.488-1024x576.jpg?resize=1024%2C576\" alt=\"\" width=\"1024\" height=\"576\" srcset=\"https:\/\/i0.wp.com\/toutcourtfestival.fr\/wp-content\/uploads\/2018\/10\/MVI_4631.MOV_20181015_004634.488.jpg?resize=1024%2C576&amp;ssl=1 1024w, https:\/\/i0.wp.com\/toutcourtfestival.fr\/wp-content\/uploads\/2018\/10\/MVI_4631.MOV_20181015_004634.488.jpg?resize=300%2C169&amp;ssl=1 300w, https:\/\/i0.wp.com\/toutcourtfestival.fr\/wp-content\/uploads\/2018\/10\/MVI_4631.MOV_20181015_004634.488.jpg?resize=768%2C432&amp;ssl=1 768w, https:\/\/i0.wp.com\/toutcourtfestival.fr\/wp-content\/uploads\/2018\/10\/MVI_4631.MOV_20181015_004634.488.jpg?w=1920&amp;ssl=1 1920w\" sizes=\"auto, (max-width: 1024px) 100vw, 1024px\" \/><\/a>\n<p style=\"text-align: justify;\">Enfin, le mat\u00e9riel est soigneusement pr\u00e9par\u00e9 dans la semaine qui pr\u00e9c\u00e8de le 48h: chargement des batteries, vidage des cartes m\u00e9moires, v\u00e9rifications, rangement en mode transport... C'est qu'il ne faudrait pas que la technique nous l\u00e2che au mauvais moment!<\/p>\n\n<h1 style=\"text-align: justify;\"><strong>D\u00e9collage \u00e0 Paris !<\/strong><\/h1>\n<p style=\"text-align: justify;\">Le kick-off (r\u00e9union de lancement) du 48h a lieu \u00e0 Paris dans la grande salle de la mairie du XV\u00e8me. Il faut au moins cela car on y b\u00e2t r\u00e9guli\u00e8rement des records de participation. Cette ann\u00e9e nous nous mesurons \u00e0 pas moins de 181 \u00e9quipes - et si on compte toute la France, qui pour la premi\u00e8re fois ont leur 48h le m\u00eame week-end, on se sent un peu perdu au milieu d'une foule de 380 participants !<\/p>\n<p style=\"text-align: justify;\">Nous nous rendons donc \u00e0 Paris en deux voitures pour emmener le maximum de jeunes. C'est un moment fort du 48h, qui vaut le d\u00e9tour: une \u00e9mulation entre \u00e9quipe, une tension cr\u00e9atrice et un enthousiasme communicatif qui nous projette directement dans l'aventure!<\/p>\n\n\t\t<style type=\"text\/css\">\n\t\t\t#gallery-2 {\n\t\t\t\tmargin: auto;\n\t\t\t}\n\t\t\t#gallery-2 .gallery-item {\n\t\t\t\tfloat: left;\n\t\t\t\tmargin-top: 10px;\n\t\t\t\ttext-align: center;\n\t\t\t\twidth: 50%;\n\t\t\t}\n\t\t\t#gallery-2 img {\n\t\t\t\tborder: 2px solid #cfcfcf;\n\t\t\t}\n\t\t\t#gallery-2 .gallery-caption {\n\t\t\t\tmargin-left: 0;\n\t\t\t}\n\t\t\t\/* see gallery_shortcode() in wp-includes\/media.php *\/\n\t\t<\/style>\n\t\t<div id='gallery-2' class='gallery galleryid-6043 gallery-columns-2 gallery-size-medium'><dl class='gallery-item'>\n\t\t\t<dt class='gallery-icon landscape'>\n\t\t\t\t<a href=\"https:\/\/i0.wp.com\/toutcourtfestival.fr\/wp-content\/uploads\/2018\/10\/MVI_4508.MOV_20181015_003610.879.jpg?ssl=1\"><img loading=\"lazy\" decoding=\"async\" width=\"300\" height=\"169\" src=\"https:\/\/i0.wp.com\/toutcourtfestival.fr\/wp-content\/uploads\/2018\/10\/MVI_4508.MOV_20181015_003610.879.jpg?fit=300%2C169&amp;ssl=1\" class=\"attachment-medium size-medium\" alt=\"\" srcset=\"https:\/\/i0.wp.com\/toutcourtfestival.fr\/wp-content\/uploads\/2018\/10\/MVI_4508.MOV_20181015_003610.879.jpg?w=1920&amp;ssl=1 1920w, https:\/\/i0.wp.com\/toutcourtfestival.fr\/wp-content\/uploads\/2018\/10\/MVI_4508.MOV_20181015_003610.879.jpg?resize=300%2C169&amp;ssl=1 300w, https:\/\/i0.wp.com\/toutcourtfestival.fr\/wp-content\/uploads\/2018\/10\/MVI_4508.MOV_20181015_003610.879.jpg?resize=768%2C432&amp;ssl=1 768w, https:\/\/i0.wp.com\/toutcourtfestival.fr\/wp-content\/uploads\/2018\/10\/MVI_4508.MOV_20181015_003610.879.jpg?resize=1024%2C576&amp;ssl=1 1024w\" sizes=\"auto, (max-width: 300px) 100vw, 300px\" \/><\/a>\n\t\t\t<\/dt><\/dl><dl class='gallery-item'>\n\t\t\t<dt class='gallery-icon landscape'>\n\t\t\t\t<a href=\"https:\/\/i0.wp.com\/toutcourtfestival.fr\/wp-content\/uploads\/2018\/10\/20181005_183643.jpg?ssl=1\"><img loading=\"lazy\" decoding=\"async\" width=\"300\" height=\"169\" src=\"https:\/\/i0.wp.com\/toutcourtfestival.fr\/wp-content\/uploads\/2018\/10\/20181005_183643.jpg?fit=300%2C169&amp;ssl=1\" class=\"attachment-medium size-medium\" alt=\"\" srcset=\"https:\/\/i0.wp.com\/toutcourtfestival.fr\/wp-content\/uploads\/2018\/10\/20181005_183643.jpg?w=2560&amp;ssl=1 2560w, https:\/\/i0.wp.com\/toutcourtfestival.fr\/wp-content\/uploads\/2018\/10\/20181005_183643.jpg?resize=300%2C169&amp;ssl=1 300w, https:\/\/i0.wp.com\/toutcourtfestival.fr\/wp-content\/uploads\/2018\/10\/20181005_183643.jpg?resize=768%2C432&amp;ssl=1 768w, https:\/\/i0.wp.com\/toutcourtfestival.fr\/wp-content\/uploads\/2018\/10\/20181005_183643.jpg?resize=1024%2C576&amp;ssl=1 1024w\" sizes=\"auto, (max-width: 300px) 100vw, 300px\" \/><\/a>\n\t\t\t<\/dt><\/dl><br style=\"clear: both\" \/>\n\t\t<\/div>\n\n<p style=\"text-align: justify;\">Apr\u00e8s quelques discours d'usage, vient le moment du tirage au sort. Notre jeune r\u00e9alisateur, Florian, s'y colle. Il doit tirer un couple de <a href=\"http:\/\/www.48hourfilm.com\/fr\/paris-fr\/genres\">deux genres de film,<\/a> entre lesquels nous pourrons choisir. Certains couples sont chouettes, on a envie de les avoir... D'autres sont plus difficiles! Les deux ann\u00e9es pr\u00e9c\u00e9dentes nous \u00e9tions tomb\u00e9 sur le couple \"horreur \/ com\u00e9die musicale\" - le m\u00eame exactement deux ann\u00e9es de suite... Vraiment pas de chance! On esp\u00e8re donc quelqu'un chose d'un peu plus inspirant cette ann\u00e9e.<\/p>\n<p style=\"text-align: justify;\">Florian approche du bureau \u00e0 l'\u00e9nonc\u00e9 du nom de l'\u00e9quipe, tire un papier... Et l\u00e0 c'est la douche froide. On n'en revient pas: \"horreur \/ com\u00e9die musicale\". Si. Pour la troisi\u00e8me fois cons\u00e9cutive ! On commence \u00e0 se dire qu'on est vraiment maudit...<\/p>\n<p style=\"text-align: justify;\">Mais bon, on fait contre mauvaise fortune bon c\u0153ur. Comme les ann\u00e9es pr\u00e9c\u00e9dentes la com\u00e9die musicale est d'embl\u00e9e \u00e9cart\u00e9e: c'est un genre que ni le r\u00e9alisateur, ni moi-m\u00eame n'affectionnons - et puis aucun de nos acteurs n'a envie de chanter. Puisqu'il faut qu'on r\u00e9alise un troisi\u00e8me \"film d'horreur\" h\u00e9 bien soit, ainsi soit-il.<\/p>\n<p style=\"text-align: justify;\">Enfin, les \u00e9l\u00e9ments impos\u00e9s sont annonc\u00e9s:<\/p>\n<p style=\"text-align: justify;\"><a href=\"https:\/\/i0.wp.com\/toutcourtfestival.fr\/wp-content\/uploads\/2018\/10\/43260342_2004483399572403_5396751197698785280_n.jpg\"><img data-recalc-dims=\"1\" loading=\"lazy\" decoding=\"async\" class=\"size-medium wp-image-6052 aligncenter\" src=\"https:\/\/i0.wp.com\/toutcourtfestival.fr\/wp-content\/uploads\/2018\/10\/43260342_2004483399572403_5396751197698785280_n-300x300.jpg?resize=300%2C300\" alt=\"\" width=\"300\" height=\"300\" srcset=\"https:\/\/i0.wp.com\/toutcourtfestival.fr\/wp-content\/uploads\/2018\/10\/43260342_2004483399572403_5396751197698785280_n.jpg?resize=300%2C300&amp;ssl=1 300w, https:\/\/i0.wp.com\/toutcourtfestival.fr\/wp-content\/uploads\/2018\/10\/43260342_2004483399572403_5396751197698785280_n.jpg?resize=150%2C150&amp;ssl=1 150w, https:\/\/i0.wp.com\/toutcourtfestival.fr\/wp-content\/uploads\/2018\/10\/43260342_2004483399572403_5396751197698785280_n.jpg?w=651&amp;ssl=1 651w\" sizes=\"auto, (max-width: 300px) 100vw, 300px\" \/><\/a><\/p>\n<p style=\"text-align: justify;\">Les organisateurs nous souhaitent bonne chance: il est 19h30 vendredi, nous devons rendre notre film ici \u00e0 Paris pas plus tard que dimanche \u00e0 19h30. Le compte \u00e0 rebours commence!<\/p>\n\n<h1 style=\"text-align: justify;\"><strong>Temp\u00eate de cerveaux<\/strong><\/h1>\n<p style=\"text-align: justify;\">Dans la voiture au retour le brainstorming va bon train. Dans notre \"malheur\" d'\u00eatre encore tomb\u00e9 sur un film horreur on a un avantage : un lieu de tournage splendide qui se pr\u00eate \u00f4 combien au genre, une vieille b\u00e2tisse immense, ancien corps de ferme totalement abandonn\u00e9 et situ\u00e9 au beau milieu des champs loin de toute civilisation. Il ne fait aucun doute que c'est l\u00e0 que nous tournerons le lendemain !<\/p>\n<p style=\"text-align: justify;\">Une joggeuse dans un film d'horreur? On pense tout de suite aux tristes actualit\u00e9s qu'on entend de temps \u00e0 autres... Un sac ce ne sera pas trop compliqu\u00e9 \u00e0 introduire. Pour la phrase, \"tout s'ach\u00e8te\", c'est plus compliqu\u00e9. Mais on r\u00e9fl\u00e9chit !<\/p>\n<p style=\"text-align: justify;\">On cherche une trame. Une joggeuse qui courre devant la maison, elle dispara\u00eet... Non, elle est avec un ami et c'est son ami qui dispara\u00eet. Il y a un policier qui vient enqu\u00eater... Ha bah non, on n'a pas d'acteur adulte masculin. Bah une femme flic alors! Oui mais on n'a pas d'uniformes. Un brassard suffirait... Et donc quoi? Elle va d\u00e9couvrir quelque chose mais quoi? Au fait, quelqu'un a du faux sang? On r\u00e9fl\u00e9chit, chacun donne ses id\u00e9es, parfois on s\u00e8che, on parle d'autre chose pour se vider la t\u00eate... Et puis le trajet est long, la circulation particuli\u00e8rement mauvaise !<\/p>\n<p style=\"text-align: justify;\">Au bout d'un moment Florian le r\u00e9al et moi-m\u00eame tombons d'accord sur une chose: nous n'avons envie de faire un \"vrai\" film d'horreur, avec du sang\u00a0 partout, des jump scare \u00e0 n'en plus finir... On a envie de plus d'humain, et d'apporter un minimum d'\u00e9motion au film.<\/p>\n<p style=\"text-align: justify;\">Alors on d\u00e9vie un peu. On se dit qu'on va faire un film qui commence comme un film d'horreur, avec les codes du genre, mais qui ensuite bifurque vers quelque chose de plus int\u00e9ressant. On d\u00e9cide de partir sur une histoire de fant\u00f4mes, vu qu'on a un lieu typiquement hant\u00e9 ! Mais on voudrait un retournement... Alors on imagine que notre joggeuse voit des fant\u00f4mes, elle en a peur (c'est l\u00e0 qu'on jouera sur les codes du genre) mais au final elle se rendra compte que ce sont des gens r\u00e9els et que la fant\u00f4me, c'est elle-m\u00eame. Bien s\u00fbr, une grande r\u00e9f\u00e9rence cin\u00e9matographique nous inspire - mais je ne la citerais pas ici pour ne pas spoiler ceux d'entre vous qui ne l'auraient pas vus \ud83d\ude42<\/p>\n<p style=\"text-align: justify;\">Enfin vers 21h15 on arrive enfin au camp de base - le si\u00e8ge de l'association Tout Court ! Oise et accessoirement chez moi, o\u00f9 se d\u00e9rouleront les \u00e9critures puis la post-production.<\/p>\n\n<h1 style=\"text-align: justify;\"><strong>Les \u00e9critures<\/strong><\/h1>\n<p style=\"text-align: justify;\">Plusieurs jeunes et quelques parents nous rejoignent, qui n'avaient pas pu faire le d\u00e9placement \u00e0 Paris. Pour les adultes le caf\u00e9 coule \u00e0 flot, les jeunes eux roulent plut\u00f4t au soda. C'est parti pour une longue nuit!<\/p>\n<a href=\"https:\/\/i0.wp.com\/toutcourtfestival.fr\/wp-content\/uploads\/2018\/10\/MVI_4520.MOV_20181015_003505.490.jpg\"><img data-recalc-dims=\"1\" loading=\"lazy\" decoding=\"async\" class=\"alignnone wp-image-6090 size-large\" src=\"https:\/\/i0.wp.com\/toutcourtfestival.fr\/wp-content\/uploads\/2018\/10\/MVI_4520.MOV_20181015_003505.490-1024x576.jpg?resize=1024%2C576\" alt=\"\" width=\"1024\" height=\"576\" srcset=\"https:\/\/i0.wp.com\/toutcourtfestival.fr\/wp-content\/uploads\/2018\/10\/MVI_4520.MOV_20181015_003505.490.jpg?resize=1024%2C576&amp;ssl=1 1024w, https:\/\/i0.wp.com\/toutcourtfestival.fr\/wp-content\/uploads\/2018\/10\/MVI_4520.MOV_20181015_003505.490.jpg?resize=300%2C169&amp;ssl=1 300w, https:\/\/i0.wp.com\/toutcourtfestival.fr\/wp-content\/uploads\/2018\/10\/MVI_4520.MOV_20181015_003505.490.jpg?resize=768%2C432&amp;ssl=1 768w, https:\/\/i0.wp.com\/toutcourtfestival.fr\/wp-content\/uploads\/2018\/10\/MVI_4520.MOV_20181015_003505.490.jpg?w=1920&amp;ssl=1 1920w\" sizes=\"auto, (max-width: 1024px) 100vw, 1024px\" \/><\/a>\n<p style=\"text-align: justify;\">Peu \u00e0 peu notre histoire de fant\u00f4mes se pr\u00e9cise, les personnages se mettent en place, les enjeux, l'intrigue, les retournements, les objets... Comme pr\u00e9vu pas facile de caser la phrase de dialogue - mais \u00e7a va, on finit par trouver un moyen qui nous satisfait.<\/p>\n<p style=\"text-align: justify;\">A 2h et demi <a href=\"http:\/\/toutcourtfestival.fr\/wp-content\/uploads\/2018\/10\/48HFP-2018.pdf\">le sc\u00e9nario<\/a> est achev\u00e9! Il fait 5 pages avec font et casse standard, ce qui devrait mener \u00e0 un film de 5 \u00e0 6 minutes. Il y a 5 personnages et beaucoup moins de dialogues que ce dont on a l'habitude: on favorisera l'image, les espaces (on a un d\u00e9cor qui s'y pr\u00eate!) et les mouvements.<\/p>\n<p style=\"text-align: justify;\">On aimerait tous prendre du sommeil car demain on se l\u00e8ve tr\u00e8s t\u00f4t... pourtant ce n'est pas encore le moment car il faut passer au d\u00e9coupage, une \u00e9tape cruciale. C'est le premier acte de r\u00e9alisation en tant que tel: prendre le sc\u00e9nario s\u00e9quence par s\u00e9quence et r\u00e9fl\u00e9chir \u00e0 comment on le tournera. Certes on ne pourra pas tout d\u00e9couper en d\u00e9tail, et puis l'exp\u00e9rience montre que sur un tournage on d\u00e9vie beaucoup du d\u00e9coupage initial qui n'est qu'une base de travail, mais on ne peut pas non plus se permettre de tout miser sur l'improvisation : dans la pr\u00e9cipitation d'un tournage des 48h \u00e7a nous m\u00e8nerait \u00e0 d'in\u00e9vitables erreurs tr\u00e8s difficile \u00e0 corriger en post-prod !<\/p>\n<p style=\"text-align: justify;\">Une r\u00e8gle importante: ne rien oublier. Toute l'action doit \u00eatre montr\u00e9e dans les plans pr\u00e9vus, afin de ne pas se retrouver avec des trous dans la trame narrative. Sur un 48h o\u00f9 on n'a pas le droit \u00e0 l'erreur, on s'efforce au maximum de pr\u00e9voir au moins un plan-s\u00e9quence large - c'est \u00e0 dire qui prend toute l'action - par s\u00e9quence du sc\u00e9nario. C'est qu'on appelle un plan ma\u00eetre. Puis on ajoute des plans rapproch\u00e9s sur les personnages, et des gros plans d'insert.<\/p>\n<p style=\"text-align: justify;\">Le r\u00e9alisateur a plein d'id\u00e9es, plein d'images dans la t\u00eate, il veut conf\u00e9rer un style \u00e0 son film. Son assistante, qui a un peu plus d'exp\u00e9rience, l'aide bien. Plusieurs jeunes participent activement. Ils travaillent tr\u00e8s bien, avec efficacit\u00e9 et dans une bonne ambiance - malgr\u00e9 quelques rappels au silence n\u00e9cessaire pour certains qui d\u00e9crochent un peu sur cette phase. Quant \u00e0 moi, le producteur, je m'efforce de m'effacer : apr\u00e8s-tout c'est le film du r\u00e9alisateur !<\/p>\n\n\t\t<style type=\"text\/css\">\n\t\t\t#gallery-3 {\n\t\t\t\tmargin: auto;\n\t\t\t}\n\t\t\t#gallery-3 .gallery-item {\n\t\t\t\tfloat: left;\n\t\t\t\tmargin-top: 10px;\n\t\t\t\ttext-align: center;\n\t\t\t\twidth: 33%;\n\t\t\t}\n\t\t\t#gallery-3 img {\n\t\t\t\tborder: 2px solid #cfcfcf;\n\t\t\t}\n\t\t\t#gallery-3 .gallery-caption {\n\t\t\t\tmargin-left: 0;\n\t\t\t}\n\t\t\t\/* see gallery_shortcode() in wp-includes\/media.php *\/\n\t\t<\/style>\n\t\t<div id='gallery-3' class='gallery galleryid-6043 gallery-columns-3 gallery-size-medium'><dl class='gallery-item'>\n\t\t\t<dt class='gallery-icon landscape'>\n\t\t\t\t<a href=\"https:\/\/i0.wp.com\/toutcourtfestival.fr\/wp-content\/uploads\/2018\/10\/MVI_4541.MOV_20181015_003033.255.jpg?ssl=1\"><img loading=\"lazy\" decoding=\"async\" width=\"300\" height=\"169\" src=\"https:\/\/i0.wp.com\/toutcourtfestival.fr\/wp-content\/uploads\/2018\/10\/MVI_4541.MOV_20181015_003033.255.jpg?fit=300%2C169&amp;ssl=1\" class=\"attachment-medium size-medium\" alt=\"\" srcset=\"https:\/\/i0.wp.com\/toutcourtfestival.fr\/wp-content\/uploads\/2018\/10\/MVI_4541.MOV_20181015_003033.255.jpg?w=1920&amp;ssl=1 1920w, https:\/\/i0.wp.com\/toutcourtfestival.fr\/wp-content\/uploads\/2018\/10\/MVI_4541.MOV_20181015_003033.255.jpg?resize=300%2C169&amp;ssl=1 300w, https:\/\/i0.wp.com\/toutcourtfestival.fr\/wp-content\/uploads\/2018\/10\/MVI_4541.MOV_20181015_003033.255.jpg?resize=768%2C432&amp;ssl=1 768w, https:\/\/i0.wp.com\/toutcourtfestival.fr\/wp-content\/uploads\/2018\/10\/MVI_4541.MOV_20181015_003033.255.jpg?resize=1024%2C576&amp;ssl=1 1024w\" sizes=\"auto, (max-width: 300px) 100vw, 300px\" \/><\/a>\n\t\t\t<\/dt><\/dl><dl class='gallery-item'>\n\t\t\t<dt class='gallery-icon landscape'>\n\t\t\t\t<a href=\"https:\/\/i0.wp.com\/toutcourtfestival.fr\/wp-content\/uploads\/2018\/10\/MVI_4539.MOV_20181015_002940.501.jpg?ssl=1\"><img loading=\"lazy\" decoding=\"async\" width=\"300\" height=\"169\" src=\"https:\/\/i0.wp.com\/toutcourtfestival.fr\/wp-content\/uploads\/2018\/10\/MVI_4539.MOV_20181015_002940.501.jpg?fit=300%2C169&amp;ssl=1\" class=\"attachment-medium size-medium\" alt=\"\" srcset=\"https:\/\/i0.wp.com\/toutcourtfestival.fr\/wp-content\/uploads\/2018\/10\/MVI_4539.MOV_20181015_002940.501.jpg?w=1920&amp;ssl=1 1920w, https:\/\/i0.wp.com\/toutcourtfestival.fr\/wp-content\/uploads\/2018\/10\/MVI_4539.MOV_20181015_002940.501.jpg?resize=300%2C169&amp;ssl=1 300w, https:\/\/i0.wp.com\/toutcourtfestival.fr\/wp-content\/uploads\/2018\/10\/MVI_4539.MOV_20181015_002940.501.jpg?resize=768%2C432&amp;ssl=1 768w, https:\/\/i0.wp.com\/toutcourtfestival.fr\/wp-content\/uploads\/2018\/10\/MVI_4539.MOV_20181015_002940.501.jpg?resize=1024%2C576&amp;ssl=1 1024w\" sizes=\"auto, (max-width: 300px) 100vw, 300px\" \/><\/a>\n\t\t\t<\/dt><\/dl><dl class='gallery-item'>\n\t\t\t<dt class='gallery-icon landscape'>\n\t\t\t\t<a href=\"https:\/\/i0.wp.com\/toutcourtfestival.fr\/wp-content\/uploads\/2018\/10\/MVI_4540.MOV_20181015_003103.305.jpg?ssl=1\"><img loading=\"lazy\" decoding=\"async\" width=\"300\" height=\"169\" src=\"https:\/\/i0.wp.com\/toutcourtfestival.fr\/wp-content\/uploads\/2018\/10\/MVI_4540.MOV_20181015_003103.305.jpg?fit=300%2C169&amp;ssl=1\" class=\"attachment-medium size-medium\" alt=\"\" srcset=\"https:\/\/i0.wp.com\/toutcourtfestival.fr\/wp-content\/uploads\/2018\/10\/MVI_4540.MOV_20181015_003103.305.jpg?w=1920&amp;ssl=1 1920w, https:\/\/i0.wp.com\/toutcourtfestival.fr\/wp-content\/uploads\/2018\/10\/MVI_4540.MOV_20181015_003103.305.jpg?resize=300%2C169&amp;ssl=1 300w, https:\/\/i0.wp.com\/toutcourtfestival.fr\/wp-content\/uploads\/2018\/10\/MVI_4540.MOV_20181015_003103.305.jpg?resize=768%2C432&amp;ssl=1 768w, https:\/\/i0.wp.com\/toutcourtfestival.fr\/wp-content\/uploads\/2018\/10\/MVI_4540.MOV_20181015_003103.305.jpg?resize=1024%2C576&amp;ssl=1 1024w\" sizes=\"auto, (max-width: 300px) 100vw, 300px\" \/><\/a>\n\t\t\t<\/dt><\/dl><br style=\"clear: both\" \/>\n\t\t<\/div>\n\n\n<a href=\"https:\/\/i0.wp.com\/toutcourtfestival.fr\/wp-content\/uploads\/2018\/10\/MVI_4541.MOV_20181015_003018.215.jpg\"><img data-recalc-dims=\"1\" loading=\"lazy\" decoding=\"async\" class=\"alignnone wp-image-6094 size-large\" src=\"https:\/\/i0.wp.com\/toutcourtfestival.fr\/wp-content\/uploads\/2018\/10\/MVI_4541.MOV_20181015_003018.215-1024x576.jpg?resize=1024%2C576\" alt=\"\" width=\"1024\" height=\"576\" srcset=\"https:\/\/i0.wp.com\/toutcourtfestival.fr\/wp-content\/uploads\/2018\/10\/MVI_4541.MOV_20181015_003018.215.jpg?resize=1024%2C576&amp;ssl=1 1024w, https:\/\/i0.wp.com\/toutcourtfestival.fr\/wp-content\/uploads\/2018\/10\/MVI_4541.MOV_20181015_003018.215.jpg?resize=300%2C169&amp;ssl=1 300w, https:\/\/i0.wp.com\/toutcourtfestival.fr\/wp-content\/uploads\/2018\/10\/MVI_4541.MOV_20181015_003018.215.jpg?resize=768%2C432&amp;ssl=1 768w, https:\/\/i0.wp.com\/toutcourtfestival.fr\/wp-content\/uploads\/2018\/10\/MVI_4541.MOV_20181015_003018.215.jpg?w=1920&amp;ssl=1 1920w\" sizes=\"auto, (max-width: 1024px) 100vw, 1024px\" \/><\/a>\n<p style=\"text-align: justify;\">Il est 5h du matin quand c'est enfin termin\u00e9 ! On s'\u00e9croule alors qui sur un canap\u00e9 ou un fauteuil, qui sur un matelas pos\u00e9 au sol, pour une tr\u00e8s courte nuit puisqu'on a donn\u00e9 rendez-vous \u00e0 toute l'\u00e9quipe \u00e0 8h pour la lecture du sc\u00e9nario !<\/p>\n\n<h1 style=\"text-align: justify;\"><strong>Tournage !<\/strong><\/h1>\n<p style=\"text-align: justify;\">Pas facile de se lever apr\u00e8s 2 petites heures de sommeil! Mais \u00e0 8h30 tout le monde est sur le pont, pr\u00eat pour l'aventure. On donne la lecture du sc\u00e9nario, on rappelle les r\u00f4les de chacun, on charge le mat\u00e9riel, on se r\u00e9partit dans les v\u00e9hicules... Et c'est parti pour le lieu de tournage!<\/p>\n<a href=\"https:\/\/i0.wp.com\/toutcourtfestival.fr\/wp-content\/uploads\/2018\/10\/MVI_4555.MOV_20181009_030011.406.jpg\"><img data-recalc-dims=\"1\" loading=\"lazy\" decoding=\"async\" class=\"alignnone wp-image-6100 size-large\" src=\"https:\/\/i0.wp.com\/toutcourtfestival.fr\/wp-content\/uploads\/2018\/10\/MVI_4555.MOV_20181009_030011.406-1024x576.jpg?resize=1024%2C576\" alt=\"\" width=\"1024\" height=\"576\" srcset=\"https:\/\/i0.wp.com\/toutcourtfestival.fr\/wp-content\/uploads\/2018\/10\/MVI_4555.MOV_20181009_030011.406.jpg?resize=1024%2C576&amp;ssl=1 1024w, https:\/\/i0.wp.com\/toutcourtfestival.fr\/wp-content\/uploads\/2018\/10\/MVI_4555.MOV_20181009_030011.406.jpg?resize=300%2C169&amp;ssl=1 300w, https:\/\/i0.wp.com\/toutcourtfestival.fr\/wp-content\/uploads\/2018\/10\/MVI_4555.MOV_20181009_030011.406.jpg?resize=768%2C432&amp;ssl=1 768w, https:\/\/i0.wp.com\/toutcourtfestival.fr\/wp-content\/uploads\/2018\/10\/MVI_4555.MOV_20181009_030011.406.jpg?w=1920&amp;ssl=1 1920w\" sizes=\"auto, (max-width: 1024px) 100vw, 1024px\" \/><\/a>\n<p style=\"text-align: justify;\">On arrive dans cette magnifique demeure, ancien corps de ferme immense et totalement laiss\u00e9 \u00e0 l'abandon depuis des ann\u00e9es et perdu au milieu des champs - sauf les ext\u00e9rieurs, cours et jardin, qui semblent r\u00e9guli\u00e8rement d\u00e9frich\u00e9s. Le sol est jonch\u00e9 de petites billes en plastique: c'est un lieu o\u00f9 se d\u00e9roulent r\u00e9guli\u00e8rement des parties d'Air soft. Il y a plusieurs appartements, des caves avec des cages en m\u00e9tal, des greniers \u00e0 grains, des poulaillers, une bergerie, une \u00e9curie... Certains endroits sombres et lugubres font vraiment peur: id\u00e9al pour un film d'horreur! Question m\u00e9t\u00e9o on est chanceux: il fait un temps superbe, une journ\u00e9e d'\u00e9t\u00e9 indien!<\/p>\n<a href=\"https:\/\/i0.wp.com\/toutcourtfestival.fr\/wp-content\/uploads\/2018\/10\/MVI_4647.MOV_20181009_031321.869.jpg\"><img data-recalc-dims=\"1\" loading=\"lazy\" decoding=\"async\" class=\"alignnone wp-image-6095 size-large\" src=\"https:\/\/i0.wp.com\/toutcourtfestival.fr\/wp-content\/uploads\/2018\/10\/MVI_4647.MOV_20181009_031321.869-1024x576.jpg?resize=1024%2C576\" alt=\"\" width=\"1024\" height=\"576\" srcset=\"https:\/\/i0.wp.com\/toutcourtfestival.fr\/wp-content\/uploads\/2018\/10\/MVI_4647.MOV_20181009_031321.869.jpg?resize=1024%2C576&amp;ssl=1 1024w, https:\/\/i0.wp.com\/toutcourtfestival.fr\/wp-content\/uploads\/2018\/10\/MVI_4647.MOV_20181009_031321.869.jpg?resize=300%2C169&amp;ssl=1 300w, https:\/\/i0.wp.com\/toutcourtfestival.fr\/wp-content\/uploads\/2018\/10\/MVI_4647.MOV_20181009_031321.869.jpg?resize=768%2C432&amp;ssl=1 768w, https:\/\/i0.wp.com\/toutcourtfestival.fr\/wp-content\/uploads\/2018\/10\/MVI_4647.MOV_20181009_031321.869.jpg?w=1920&amp;ssl=1 1920w\" sizes=\"auto, (max-width: 1024px) 100vw, 1024px\" \/><\/a>\n<p style=\"text-align: justify;\">Arriv\u00e9 \u00e0 9h45, on se prend une demi-heure pour visiter les lieux, et choisir ceux o\u00f9 l'on tournera. Puis on sort et on monte le mat\u00e9riel.<\/p>\n<p style=\"text-align: justify;\">Le premier clap r\u00e9sonne enfin, une bonne heure apr\u00e8s notre arriv\u00e9e. Comme toujours sur un tournage les premiers plans sont laborieux... C'est long, on est trop exigeant - on multiplie les prises pour un oui ou un non, et puis il faut apprendre \u00e0 travailler ensemble, trouver le bon rythme. Tourner un simple plan c'est long : il faut choisir l'emplacement de la cam\u00e9ra et des acteurs, choisir un objectif, r\u00e9gler le son et la lumi\u00e8re, d\u00e9finir et r\u00e9p\u00e9ter les d\u00e9placements des acteurs et des techniciens - parfois \u00e7a s'apparente \u00e0 une vraie chor\u00e9graphie, surtout pour les plans larges \"masters\" qui sont presque des plan s\u00e9quences.\u00a0 Enfin on est pr\u00eat \u00e0 tourner et la machine se met en route: \"Silence on tourne! Moteur!\" tonne l'assistante r\u00e9al, \"\u00c7a tourne \u00e0 l'image \/ \u00e7a tourne au son\" confirment les techniciens, \"2 sur 3 premi\u00e8re!\" et on clap, et enfin \"Action!\" qui se termine par \"Couper!\". Puis on recommence tout le processus, inlassablement, pour chaque prise, chaque plan, chaque s\u00e9quence.<\/p>\n<p style=\"text-align: justify;\">Mais \u00e7a marche plut\u00f4t bien. Il y a quelques frictions de temps \u00e0 autres, des jeunes qui ont du mal \u00e0 se concentrer pendant les long temps d'attente, d'autres qui voudraient faire comme ci ou comme \u00e7a au point que le r\u00e9alisateur ne sait plus o\u00f9 donner de la t\u00eate ! C'est tr\u00e8s formateur: c'est l\u00e0 qu'on apprend pourquoi le r\u00e9alisateur est le capitaine du tournage. C'est lui qui m\u00e8ne la barque: il doit trancher, prendre les d\u00e9cisions, rester bien concentr\u00e9 et surtout savoir garder son cap malgr\u00e9 les perturbations. Un travail difficile! Mais il peut s'appuyer sur son assistant et son \u00e9quipe qui l'aident dans la gestion des parties techniques, pour qu'il puisse mieux se concentrer sur les aspects artistiques : cr\u00e9ation de son cadre, de son image, et direction de ses acteurs.<\/p>\n\n\t\t<style type=\"text\/css\">\n\t\t\t#gallery-4 {\n\t\t\t\tmargin: auto;\n\t\t\t}\n\t\t\t#gallery-4 .gallery-item {\n\t\t\t\tfloat: left;\n\t\t\t\tmargin-top: 10px;\n\t\t\t\ttext-align: center;\n\t\t\t\twidth: 50%;\n\t\t\t}\n\t\t\t#gallery-4 img {\n\t\t\t\tborder: 2px solid #cfcfcf;\n\t\t\t}\n\t\t\t#gallery-4 .gallery-caption {\n\t\t\t\tmargin-left: 0;\n\t\t\t}\n\t\t\t\/* see gallery_shortcode() in wp-includes\/media.php *\/\n\t\t<\/style>\n\t\t<div id='gallery-4' class='gallery galleryid-6043 gallery-columns-2 gallery-size-medium'><dl class='gallery-item'>\n\t\t\t<dt class='gallery-icon landscape'>\n\t\t\t\t<a href=\"https:\/\/i0.wp.com\/toutcourtfestival.fr\/wp-content\/uploads\/2018\/10\/MVI_4647.MOV_20181009_031321.869.jpg?ssl=1\"><img loading=\"lazy\" decoding=\"async\" width=\"300\" height=\"169\" src=\"https:\/\/i0.wp.com\/toutcourtfestival.fr\/wp-content\/uploads\/2018\/10\/MVI_4647.MOV_20181009_031321.869.jpg?fit=300%2C169&amp;ssl=1\" class=\"attachment-medium size-medium\" alt=\"\" srcset=\"https:\/\/i0.wp.com\/toutcourtfestival.fr\/wp-content\/uploads\/2018\/10\/MVI_4647.MOV_20181009_031321.869.jpg?w=1920&amp;ssl=1 1920w, https:\/\/i0.wp.com\/toutcourtfestival.fr\/wp-content\/uploads\/2018\/10\/MVI_4647.MOV_20181009_031321.869.jpg?resize=300%2C169&amp;ssl=1 300w, https:\/\/i0.wp.com\/toutcourtfestival.fr\/wp-content\/uploads\/2018\/10\/MVI_4647.MOV_20181009_031321.869.jpg?resize=768%2C432&amp;ssl=1 768w, https:\/\/i0.wp.com\/toutcourtfestival.fr\/wp-content\/uploads\/2018\/10\/MVI_4647.MOV_20181009_031321.869.jpg?resize=1024%2C576&amp;ssl=1 1024w\" sizes=\"auto, (max-width: 300px) 100vw, 300px\" \/><\/a>\n\t\t\t<\/dt><\/dl><dl class='gallery-item'>\n\t\t\t<dt class='gallery-icon landscape'>\n\t\t\t\t<a href=\"https:\/\/i0.wp.com\/toutcourtfestival.fr\/wp-content\/uploads\/2018\/10\/MVI_4639.MOV_20181009_031120.337.jpg?ssl=1\"><img loading=\"lazy\" decoding=\"async\" width=\"300\" height=\"169\" src=\"https:\/\/i0.wp.com\/toutcourtfestival.fr\/wp-content\/uploads\/2018\/10\/MVI_4639.MOV_20181009_031120.337.jpg?fit=300%2C169&amp;ssl=1\" class=\"attachment-medium size-medium\" alt=\"\" srcset=\"https:\/\/i0.wp.com\/toutcourtfestival.fr\/wp-content\/uploads\/2018\/10\/MVI_4639.MOV_20181009_031120.337.jpg?w=1920&amp;ssl=1 1920w, https:\/\/i0.wp.com\/toutcourtfestival.fr\/wp-content\/uploads\/2018\/10\/MVI_4639.MOV_20181009_031120.337.jpg?resize=300%2C169&amp;ssl=1 300w, https:\/\/i0.wp.com\/toutcourtfestival.fr\/wp-content\/uploads\/2018\/10\/MVI_4639.MOV_20181009_031120.337.jpg?resize=768%2C432&amp;ssl=1 768w, https:\/\/i0.wp.com\/toutcourtfestival.fr\/wp-content\/uploads\/2018\/10\/MVI_4639.MOV_20181009_031120.337.jpg?resize=1024%2C576&amp;ssl=1 1024w\" sizes=\"auto, (max-width: 300px) 100vw, 300px\" \/><\/a>\n\t\t\t<\/dt><\/dl><br style=\"clear: both\" \/>\n\t\t<\/div>\n\n\nOn pousse jusqu'\u00e0 13h30 avant de s'accorder enfin une pause pour le d\u00e9jeuner - il \u00e9tait temps, la faim commence \u00e0 s'entendre jusque dans les casques de l'\u00e9quipe son ! On sort les victuailles que la r\u00e9gie - essentiellement des parents de jeunes participants - installe sur une table dans la grande cours. Il y a largement de quoi nourrir tout le monde: merci \u00e0 tous ceux qui ont particip\u00e9 au repas !\n<p style=\"text-align: justify;\">On fait rapidement le point. L'\u00e9quipe s'inqui\u00e8te un peu: on n'a tourn\u00e9 que les deux premi\u00e8res pages du sc\u00e9nario, or le plus compliqu\u00e9 reste \u00e0 venir. Tout notre sc\u00e9nario se d\u00e9roule en journ\u00e9e et la nuit tombe de plus en plus t\u00f4t en cette p\u00e9riode de l'ann\u00e9e. Pour ma part je reste confiant: c'est toujours comme \u00e7a sur un tournage, les d\u00e9buts sont laborieux, on d\u00e9marre lentement... Toutefois, on ne tra\u00eene pas: d\u00e8s 14h15 on repart au turbin !<\/p>\n<p style=\"text-align: justify;\">L'\u00e9quipe travaille bien, de mani\u00e8re autonome m\u00eame si le stress monte d'heure en heure. Je les laisse faire. Je ne reste jamais tr\u00e8s loin, pr\u00eat \u00e0 intervenir en cas de probl\u00e8me\u00a0 - l'avantage de ce lieu est que de l'ext\u00e9rieur on entend distinctement tout ce qui se passe \u00e0 l'int\u00e9rieur ! Mais je ne veux pas m'imposer: ce n'est pas mon film. Au final, des cinq 48h que j'aurais fait avec des jeunes dont deux avec Tout Court !, \u00e7a aura \u00e9t\u00e9 celui o\u00f9 je serais le moins intervenu - sauf \u00e0 sauvegarder les cartes m\u00e9moires toutes les heures sur le PC portable de l'association et sur un disque externe afin d'\u00e9viter la catastrophe de notre tout premier 48h !<\/p>\n\n\t\t<style type=\"text\/css\">\n\t\t\t#gallery-5 {\n\t\t\t\tmargin: auto;\n\t\t\t}\n\t\t\t#gallery-5 .gallery-item {\n\t\t\t\tfloat: left;\n\t\t\t\tmargin-top: 10px;\n\t\t\t\ttext-align: center;\n\t\t\t\twidth: 50%;\n\t\t\t}\n\t\t\t#gallery-5 img {\n\t\t\t\tborder: 2px solid #cfcfcf;\n\t\t\t}\n\t\t\t#gallery-5 .gallery-caption {\n\t\t\t\tmargin-left: 0;\n\t\t\t}\n\t\t\t\/* see gallery_shortcode() in wp-includes\/media.php *\/\n\t\t<\/style>\n\t\t<div id='gallery-5' class='gallery galleryid-6043 gallery-columns-2 gallery-size-medium'><dl class='gallery-item'>\n\t\t\t<dt class='gallery-icon landscape'>\n\t\t\t\t<a href=\"https:\/\/i0.wp.com\/toutcourtfestival.fr\/wp-content\/uploads\/2018\/10\/20181006_123813.jpg?ssl=1\"><img loading=\"lazy\" decoding=\"async\" width=\"300\" height=\"169\" src=\"https:\/\/i0.wp.com\/toutcourtfestival.fr\/wp-content\/uploads\/2018\/10\/20181006_123813.jpg?fit=300%2C169&amp;ssl=1\" class=\"attachment-medium size-medium\" alt=\"\" srcset=\"https:\/\/i0.wp.com\/toutcourtfestival.fr\/wp-content\/uploads\/2018\/10\/20181006_123813.jpg?w=2560&amp;ssl=1 2560w, https:\/\/i0.wp.com\/toutcourtfestival.fr\/wp-content\/uploads\/2018\/10\/20181006_123813.jpg?resize=300%2C169&amp;ssl=1 300w, https:\/\/i0.wp.com\/toutcourtfestival.fr\/wp-content\/uploads\/2018\/10\/20181006_123813.jpg?resize=768%2C432&amp;ssl=1 768w, https:\/\/i0.wp.com\/toutcourtfestival.fr\/wp-content\/uploads\/2018\/10\/20181006_123813.jpg?resize=1024%2C576&amp;ssl=1 1024w\" sizes=\"auto, (max-width: 300px) 100vw, 300px\" \/><\/a>\n\t\t\t<\/dt><\/dl><dl class='gallery-item'>\n\t\t\t<dt class='gallery-icon landscape'>\n\t\t\t\t<a href=\"https:\/\/i0.wp.com\/toutcourtfestival.fr\/wp-content\/uploads\/2018\/10\/MVI_4555.MOV_20181009_030011.406.jpg?ssl=1\"><img loading=\"lazy\" decoding=\"async\" width=\"300\" height=\"169\" src=\"https:\/\/i0.wp.com\/toutcourtfestival.fr\/wp-content\/uploads\/2018\/10\/MVI_4555.MOV_20181009_030011.406.jpg?fit=300%2C169&amp;ssl=1\" class=\"attachment-medium size-medium\" alt=\"\" srcset=\"https:\/\/i0.wp.com\/toutcourtfestival.fr\/wp-content\/uploads\/2018\/10\/MVI_4555.MOV_20181009_030011.406.jpg?w=1920&amp;ssl=1 1920w, https:\/\/i0.wp.com\/toutcourtfestival.fr\/wp-content\/uploads\/2018\/10\/MVI_4555.MOV_20181009_030011.406.jpg?resize=300%2C169&amp;ssl=1 300w, https:\/\/i0.wp.com\/toutcourtfestival.fr\/wp-content\/uploads\/2018\/10\/MVI_4555.MOV_20181009_030011.406.jpg?resize=768%2C432&amp;ssl=1 768w, https:\/\/i0.wp.com\/toutcourtfestival.fr\/wp-content\/uploads\/2018\/10\/MVI_4555.MOV_20181009_030011.406.jpg?resize=1024%2C576&amp;ssl=1 1024w\" sizes=\"auto, (max-width: 300px) 100vw, 300px\" \/><\/a>\n\t\t\t<\/dt><\/dl><br style=\"clear: both\" \/>\n\t\t<\/div>\n\n<p style=\"text-align: justify;\">Et puis vers 16h30, \u00e0 la faveur d'un changement de technicien, l'\u00e9quipe fait une petite pause.\u00a0 Et cette fois, je sens un flottement, un certain d\u00e9couragement. Il reste encore deux pages de sc\u00e9nario avec des sc\u00e8nes particuli\u00e8rement compliqu\u00e9es \u00e0 tourner. L'\u00e9quipe doute : la peur de ne pas y arriver commence \u00e0 monter, d'autant que tout le monde semble \u00e9puis\u00e9, le r\u00e9alisateur en premier. Les batteries sont \u00e0 plat! Cette fois, c'est le moment d'intervenir.<\/p>\n<p style=\"text-align: justify;\">Je rejoins alors le r\u00e9alisateur et de son assistante, pour poursuivre le film et redonner de l'\u00e9nergie aux troupes - quitte \u00e0 les secouer un peu quand il le faut. Au prix d'un gros effort de la part de toute l'\u00e9quipe on parvient \u00e0 reprendre le bon rythme, relancer la machine et boucler ce tournage!<\/p>\n<p style=\"text-align: justify;\">Apr\u00e8s une s\u00e9ance de prise de son seuls alors qu'il fait d\u00e9j\u00e0 presque nuit noire, il est 19h30 quand retentis enfin, sous les applaudissements, l'annonce tant attendue \"Fin de tournage bravo \u00e0 tous!\" Ouf, c'est fait! \ud83d\ude42<\/p>\n\n<h1 style=\"text-align: justify;\"><strong>D\u00e9rushage et montage<\/strong><\/h1>\n<p style=\"text-align: justify;\">Retour au camp de base: un excellent repas bien chaud nous attend, offert par les parents du jeune r\u00e9alisateur \ud83d\ude42 On se donne une heure pour en profiter joyeusement - pendant que les rushs sont transf\u00e9r\u00e9s sur la station de montage.<\/p>\n<p style=\"text-align: justify;\">La premi\u00e8re \u00e9tape de post-production, le d\u00e9rushage, est en partie collective. Je r\u00e9cup\u00e8re les prises tourn\u00e9es et les range plan par plan, s\u00e9quence par s\u00e9quence en supprimant tout ce qui pr\u00e9c\u00e8de le \"Action!\" et tout ce qui suit le \"couper!\" puis je les place bout \u00e0 bout. Sur un tournage normal il faudrait aussi synchroniser des fichiers sons, mais sur les 48h on connecte l'enregistreur son (mixette) \u00e0 la cam\u00e9ra pour le r\u00e9cup\u00e9rer directement sur les vid\u00e9os ce qui nous \u00e9vite cette \u00e9tape consommatrice de temps.<\/p>\n<p style=\"text-align: justify;\">Une fois les prises de tous les plans d'une s\u00e9quence mis bout \u00e0 bout, on les regarde et on choisis collectivement les meilleurs - m\u00eame si c'est le r\u00e9alisateur qui a le dernier mot en cas de d\u00e9saccord. Pour chaque plan on isole ainsi une seule prise qu'on copie dans une premi\u00e8re \"timeline\" de montage.<\/p>\n<p style=\"text-align: justify;\">Une fois l'op\u00e9ration termin\u00e9e, on se retrouve avec ce qu'on nomme au cin\u00e9ma un \"bout-\u00e0-bout\": les meilleurs prises de chaque plan pos\u00e9es dans le bon ordre sur l'ensemble du film. Ce n'est pas encore un montage: il y a des r\u00e9p\u00e9titions (par exemple sur les champs \/ contre-champs), des soucis de rythme, de raccords, etc... Mais \u00e7a donne d\u00e9j\u00e0 une premi\u00e8re id\u00e9e de ce \u00e0 quoi ressemblera le film.<\/p>\n<a href=\"https:\/\/i0.wp.com\/toutcourtfestival.fr\/wp-content\/uploads\/2018\/10\/Capture.jpg\"><img data-recalc-dims=\"1\" loading=\"lazy\" decoding=\"async\" class=\"alignnone wp-image-6101 size-large\" src=\"https:\/\/i0.wp.com\/toutcourtfestival.fr\/wp-content\/uploads\/2018\/10\/Capture-1024x535.jpg?resize=1024%2C535\" alt=\"\" width=\"1024\" height=\"535\" srcset=\"https:\/\/i0.wp.com\/toutcourtfestival.fr\/wp-content\/uploads\/2018\/10\/Capture.jpg?resize=1024%2C535&amp;ssl=1 1024w, https:\/\/i0.wp.com\/toutcourtfestival.fr\/wp-content\/uploads\/2018\/10\/Capture.jpg?resize=300%2C157&amp;ssl=1 300w, https:\/\/i0.wp.com\/toutcourtfestival.fr\/wp-content\/uploads\/2018\/10\/Capture.jpg?resize=768%2C401&amp;ssl=1 768w, https:\/\/i0.wp.com\/toutcourtfestival.fr\/wp-content\/uploads\/2018\/10\/Capture.jpg?w=1919&amp;ssl=1 1919w\" sizes=\"auto, (max-width: 1024px) 100vw, 1024px\" \/><\/a>\n<p style=\"text-align: justify;\">Il est minuit bien sonn\u00e9 quand commence l'\u00e9tape cruciale: le montage. Une activit\u00e9 beaucoup plus solitaire: difficile d'y travailler \u00e0 plus que deux ou trois personne - dont le r\u00e9alisateur, bien entendu - car ceux qui ne sont pas \u00e0 la manette s'ennuient tr\u00e8s vite. Nous avons avec nous un jeune adulte qui a d\u00e9j\u00e0 de l'exp\u00e9rience en la mati\u00e8re, et qui n'\u00e9tait pas avec nous la veille: du coup lui, il a bien dormi ! Je lui passe le clavier et je m'enfonce dans un fauteuil bien confortable. Il travaille bien, avec le r\u00e9alisateur \u00e0 ses c\u00f4t\u00e9... Je participe, je donne mon avis, tiens le coup une bonne heure... Mais je ne r\u00e9siste pas beaucoup plus longtemps \u00e0 l'appel des bras du doux Morph\u00e9e.<\/p>\n<p style=\"text-align: justify;\">Quand je me r\u00e9veille il est 2h30 et le montage est d\u00e9j\u00e0 bien avanc\u00e9: le monteur et le r\u00e9alisateur ont fait du bon boulot ! Mais ils bloquent sur un gros probl\u00e8me, un de ces soucis o\u00f9 l'on paie des erreurs faites au d\u00e9coupage et\/ou au tournage : des plans qu'on a oubli\u00e9 de tourner, ou qui ne montrent pas toute l'action. Bref, un vrai souci de continuit\u00e9 dans la trame narrative - ce qui peut arriver de pire au montage !<\/p>\n<p style=\"text-align: justify;\">Je prends 20 minutes pour me r\u00e9veiller tout \u00e0 fait, lutter contre ce garnement de Morph\u00e9e qui me tire vers lui avec insistance, avaler deux caf\u00e9s, trois verre de jus d'orange et plusieurs bananes. Au point o\u00f9 on en est, il faut bien \u00e7a !<\/p>\n<a href=\"https:\/\/i0.wp.com\/toutcourtfestival.fr\/wp-content\/uploads\/2018\/10\/images-2.jpg\"><img data-recalc-dims=\"1\" loading=\"lazy\" decoding=\"async\" class=\"alignnone wp-image-6102 \" src=\"https:\/\/i0.wp.com\/toutcourtfestival.fr\/wp-content\/uploads\/2018\/10\/images-2.jpg?resize=400%2C213\" alt=\"\" width=\"400\" height=\"213\" srcset=\"https:\/\/i0.wp.com\/toutcourtfestival.fr\/wp-content\/uploads\/2018\/10\/images-2.jpg?w=308&amp;ssl=1 308w, https:\/\/i0.wp.com\/toutcourtfestival.fr\/wp-content\/uploads\/2018\/10\/images-2.jpg?resize=300%2C160&amp;ssl=1 300w\" sizes=\"auto, (max-width: 400px) 100vw, 400px\" \/><\/a>\n<p style=\"text-align: justify;\">Puis je reprends les commandes. Pour r\u00e9gler un probl\u00e8me de ce genre il n'y pas de myst\u00e8re: il faut \u00eatre cr\u00e9atif, trouver des contournements. Il se trouve qu'on avait tourn\u00e9 des plans qui auraient d\u00fb r\u00e9soudre le probl\u00e8me, mais qui \u00e9taient techniquement probl\u00e9matiques: trop sombres, son inexploitable, rythme et style trop diff\u00e9rent du reste du montage... Il faut donc \u00eatre radical: on d\u00e9cide que cette s\u00e9quence sera musicale, comme un r\u00eave v\u00e9cu par l'actrice principale, pour palier \u00e0 l'absence de son et justifier des images et un montage compl\u00e8tement diff\u00e9rent. On va donc chercher une musique - on sait que ce ne sera pas la d\u00e9finitive mais on travaillera demain avec le compositeur pour obtenir quelque chose de similaire, et on monte cette s\u00e9quence en suivant le rythme musical exactement comme on monterait un clip vid\u00e9o. Au final le r\u00e9sultat nous satisfait: ouf, on s'en est sorti !<\/p>\n<p style=\"text-align: justify;\">Il y a d'autres soucis pour lesquels on ne peut rien faire mais qui sont moins graves car ne brisent pas la trame narrative: soucis de nettet\u00e9 sur certains plans, manque de quelques contre-champs, ainsi que de plans rapproch\u00e9s de l'actrice principale pour \u00eatre plus fortement avec elle. Tant pis !<\/p>\n\n<h1 style=\"text-align: justify;\"><strong>\u00c9talonnage, musique et son<\/strong><\/h1>\n<p style=\"text-align: justify;\">La post-prod n'est pas termin\u00e9e, loin de l\u00e0! Il faut maintenant passer \u00e0 l'\u00e9talonnage: r\u00e9glage des niveaux de couleur, luminosit\u00e9, contraste... Pas facile d'autant que c'est l\u00e0 que se situent nos plus grandes faiblesses : il nous manque de l'expertise \u00e0 la fois sur le tournage (un chef-op\u00e9rateur) et sur la post-prod (un \u00e9talonneur). A l'avenir on tachera de trouver du monde pour nous aider l\u00e0-dessus !<\/p>\n<a href=\"https:\/\/i0.wp.com\/toutcourtfestival.fr\/wp-content\/uploads\/2018\/10\/Capture2.jpg\"><img data-recalc-dims=\"1\" loading=\"lazy\" decoding=\"async\" class=\"alignnone wp-image-6103 size-large\" src=\"https:\/\/i0.wp.com\/toutcourtfestival.fr\/wp-content\/uploads\/2018\/10\/Capture2-1024x534.jpg?resize=1024%2C534\" alt=\"\" width=\"1024\" height=\"534\" srcset=\"https:\/\/i0.wp.com\/toutcourtfestival.fr\/wp-content\/uploads\/2018\/10\/Capture2.jpg?resize=1024%2C534&amp;ssl=1 1024w, https:\/\/i0.wp.com\/toutcourtfestival.fr\/wp-content\/uploads\/2018\/10\/Capture2.jpg?resize=300%2C156&amp;ssl=1 300w, https:\/\/i0.wp.com\/toutcourtfestival.fr\/wp-content\/uploads\/2018\/10\/Capture2.jpg?resize=768%2C401&amp;ssl=1 768w, https:\/\/i0.wp.com\/toutcourtfestival.fr\/wp-content\/uploads\/2018\/10\/Capture2.jpg?w=1919&amp;ssl=1 1919w\" sizes=\"auto, (max-width: 1024px) 100vw, 1024px\" \/><\/a>\n<p style=\"text-align: justify;\">Mais bon on se d\u00e9brouille. Ou plut\u00f4t je me d\u00e9brouille, le r\u00e9alisateur et le monteur ayant sombr\u00e9 \u00e0 leur tour dans le sommeil. Le r\u00e9sultat est... ce qu'il est: trop contrast\u00e9, tirant trop sur les noirs - c'est un film \u00e0 voir dans une salle obscure ! On fera avec.<\/p>\n<p style=\"text-align: justify;\">Le jour est lev\u00e9 lorsque je termine cette partie. Une nouvelle pause pour dormir une petite heure encore... Puis vers 9h tout le monde se r\u00e9veille quand arrive l'ing\u00e9nieur son venu nettoyer les sons, arranger les niveaux sonores, et produire quelques FX pour donner une ambiance correspondant au style et au genre de film. Il arrive avec du gros mat\u00e9riel: une station de mixage compl\u00e8te ! Il s'installe, regarde notre film, r\u00e9cup\u00e8re les fichiers qui vont bien, chausse son casque... pour ne plus le retirer avant 16h30! Du gros boulot.<\/p>\n<a href=\"https:\/\/i0.wp.com\/toutcourtfestival.fr\/wp-content\/uploads\/2018\/10\/MVI_4653.MOV_20181009_031450.393.jpg\"><img data-recalc-dims=\"1\" loading=\"lazy\" decoding=\"async\" class=\"alignnone wp-image-6104 size-large\" src=\"https:\/\/i0.wp.com\/toutcourtfestival.fr\/wp-content\/uploads\/2018\/10\/MVI_4653.MOV_20181009_031450.393-1024x576.jpg?resize=1024%2C576\" alt=\"\" width=\"1024\" height=\"576\" srcset=\"https:\/\/i0.wp.com\/toutcourtfestival.fr\/wp-content\/uploads\/2018\/10\/MVI_4653.MOV_20181009_031450.393.jpg?resize=1024%2C576&amp;ssl=1 1024w, https:\/\/i0.wp.com\/toutcourtfestival.fr\/wp-content\/uploads\/2018\/10\/MVI_4653.MOV_20181009_031450.393.jpg?resize=300%2C169&amp;ssl=1 300w, https:\/\/i0.wp.com\/toutcourtfestival.fr\/wp-content\/uploads\/2018\/10\/MVI_4653.MOV_20181009_031450.393.jpg?resize=768%2C432&amp;ssl=1 768w, https:\/\/i0.wp.com\/toutcourtfestival.fr\/wp-content\/uploads\/2018\/10\/MVI_4653.MOV_20181009_031450.393.jpg?w=1920&amp;ssl=1 1920w\" sizes=\"auto, (max-width: 1024px) 100vw, 1024px\" \/><\/a>\n<p style=\"text-align: justify;\">Peu apr\u00e8s arrive notre compositeur, avec qui on travaille depuis 5 ans sur nos 48h. Il vient voir le film en l'\u00e9tat, noter les timings et discuter avec le r\u00e9alisateur de ce qu'il souhaite. Puis il part travailler dans son coin, avec pour mission de nous appeler avant 13h pour l'enregistrement. Il est du genre rapide !<\/p>\n<p style=\"text-align: justify;\">En attendant personne ne ch\u00f4me. Nous r\u00e9glons ensemble quelques derniers d\u00e9tails: trouver un titre, \u00e9crire le g\u00e9n\u00e9rique de fin, remplir des fiches \u00e0 rendre avec le film... Des parents viennent nous pr\u00eater main forte \u00e0 la r\u00e9gie, notamment pour ranger et faire un peu de m\u00e9nage au camps de base qui en a bien besoin!<\/p>\n<p style=\"text-align: justify;\">Vers 12h30, apr\u00e8s une rapide restauration, nous partons au showroom avec le mat\u00e9riel d'enregistrement audio. Presque toute l'\u00e9quipe est l\u00e0 pour voir \u00e7a - un grand moment des 48h ! Sauf l'ing\u00e9-son qui continue inlassablement \u00e0 travailler sur sa station... Le compositeur nous fait r\u00eaver \u00e0 cr\u00e9er les musiques avec nous, sur un piano mais \u00e9galement sur une foultitude de petits instruments aux sonorit\u00e9s \u00e9tranges, parfois de v\u00e9ritables machines \u00e0 bruitages. On se laisse prendre, fascin\u00e9... Et on y passe trop de temps. De retour vers 14h30, il faut rapidement s\u00e9lectionner les musiques parmi l'ensemble de celles enregistr\u00e9es, et les poser l\u00e0 o\u00f9 on le souhaite dans le film. On n'aura malheureusement pas le temps d'ajouter les bruitages qui, du coup, auront \u00e9t\u00e9 enregistr\u00e9 pour rien... Dommage. Heureusement l'ing\u00e9-son en avait d\u00e9j\u00e0 pas mal dans sa besace !<\/p>\n\n\t\t<style type=\"text\/css\">\n\t\t\t#gallery-6 {\n\t\t\t\tmargin: auto;\n\t\t\t}\n\t\t\t#gallery-6 .gallery-item {\n\t\t\t\tfloat: left;\n\t\t\t\tmargin-top: 10px;\n\t\t\t\ttext-align: center;\n\t\t\t\twidth: 33%;\n\t\t\t}\n\t\t\t#gallery-6 img {\n\t\t\t\tborder: 2px solid #cfcfcf;\n\t\t\t}\n\t\t\t#gallery-6 .gallery-caption {\n\t\t\t\tmargin-left: 0;\n\t\t\t}\n\t\t\t\/* see gallery_shortcode() in wp-includes\/media.php *\/\n\t\t<\/style>\n\t\t<div id='gallery-6' class='gallery galleryid-6043 gallery-columns-3 gallery-size-medium'><dl class='gallery-item'>\n\t\t\t<dt class='gallery-icon landscape'>\n\t\t\t\t<a href=\"https:\/\/i0.wp.com\/toutcourtfestival.fr\/wp-content\/uploads\/2018\/10\/MVI_4667.MOV_20181009_031912.323.jpg?ssl=1\"><img loading=\"lazy\" decoding=\"async\" width=\"300\" height=\"169\" src=\"https:\/\/i0.wp.com\/toutcourtfestival.fr\/wp-content\/uploads\/2018\/10\/MVI_4667.MOV_20181009_031912.323.jpg?fit=300%2C169&amp;ssl=1\" class=\"attachment-medium size-medium\" alt=\"\" srcset=\"https:\/\/i0.wp.com\/toutcourtfestival.fr\/wp-content\/uploads\/2018\/10\/MVI_4667.MOV_20181009_031912.323.jpg?w=1920&amp;ssl=1 1920w, https:\/\/i0.wp.com\/toutcourtfestival.fr\/wp-content\/uploads\/2018\/10\/MVI_4667.MOV_20181009_031912.323.jpg?resize=300%2C169&amp;ssl=1 300w, https:\/\/i0.wp.com\/toutcourtfestival.fr\/wp-content\/uploads\/2018\/10\/MVI_4667.MOV_20181009_031912.323.jpg?resize=768%2C432&amp;ssl=1 768w, https:\/\/i0.wp.com\/toutcourtfestival.fr\/wp-content\/uploads\/2018\/10\/MVI_4667.MOV_20181009_031912.323.jpg?resize=1024%2C576&amp;ssl=1 1024w\" sizes=\"auto, (max-width: 300px) 100vw, 300px\" \/><\/a>\n\t\t\t<\/dt><\/dl><dl class='gallery-item'>\n\t\t\t<dt class='gallery-icon landscape'>\n\t\t\t\t<a href=\"https:\/\/i0.wp.com\/toutcourtfestival.fr\/wp-content\/uploads\/2018\/10\/MVI_4666.MOV_20181009_031850.034.jpg?ssl=1\"><img loading=\"lazy\" decoding=\"async\" width=\"300\" height=\"169\" src=\"https:\/\/i0.wp.com\/toutcourtfestival.fr\/wp-content\/uploads\/2018\/10\/MVI_4666.MOV_20181009_031850.034.jpg?fit=300%2C169&amp;ssl=1\" class=\"attachment-medium size-medium\" alt=\"\" srcset=\"https:\/\/i0.wp.com\/toutcourtfestival.fr\/wp-content\/uploads\/2018\/10\/MVI_4666.MOV_20181009_031850.034.jpg?w=1920&amp;ssl=1 1920w, https:\/\/i0.wp.com\/toutcourtfestival.fr\/wp-content\/uploads\/2018\/10\/MVI_4666.MOV_20181009_031850.034.jpg?resize=300%2C169&amp;ssl=1 300w, https:\/\/i0.wp.com\/toutcourtfestival.fr\/wp-content\/uploads\/2018\/10\/MVI_4666.MOV_20181009_031850.034.jpg?resize=768%2C432&amp;ssl=1 768w, https:\/\/i0.wp.com\/toutcourtfestival.fr\/wp-content\/uploads\/2018\/10\/MVI_4666.MOV_20181009_031850.034.jpg?resize=1024%2C576&amp;ssl=1 1024w\" sizes=\"auto, (max-width: 300px) 100vw, 300px\" \/><\/a>\n\t\t\t<\/dt><\/dl><dl class='gallery-item'>\n\t\t\t<dt class='gallery-icon landscape'>\n\t\t\t\t<a href=\"https:\/\/i0.wp.com\/toutcourtfestival.fr\/wp-content\/uploads\/2018\/10\/MVI_4681.MOV_20181009_032619.907.jpg?ssl=1\"><img loading=\"lazy\" decoding=\"async\" width=\"300\" height=\"169\" src=\"https:\/\/i0.wp.com\/toutcourtfestival.fr\/wp-content\/uploads\/2018\/10\/MVI_4681.MOV_20181009_032619.907.jpg?fit=300%2C169&amp;ssl=1\" class=\"attachment-medium size-medium\" alt=\"\" srcset=\"https:\/\/i0.wp.com\/toutcourtfestival.fr\/wp-content\/uploads\/2018\/10\/MVI_4681.MOV_20181009_032619.907.jpg?w=1920&amp;ssl=1 1920w, https:\/\/i0.wp.com\/toutcourtfestival.fr\/wp-content\/uploads\/2018\/10\/MVI_4681.MOV_20181009_032619.907.jpg?resize=300%2C169&amp;ssl=1 300w, https:\/\/i0.wp.com\/toutcourtfestival.fr\/wp-content\/uploads\/2018\/10\/MVI_4681.MOV_20181009_032619.907.jpg?resize=768%2C432&amp;ssl=1 768w, https:\/\/i0.wp.com\/toutcourtfestival.fr\/wp-content\/uploads\/2018\/10\/MVI_4681.MOV_20181009_032619.907.jpg?resize=1024%2C576&amp;ssl=1 1024w\" sizes=\"auto, (max-width: 300px) 100vw, 300px\" \/><\/a>\n\t\t\t<\/dt><\/dl><br style=\"clear: both\" \/>\n\t\t<\/div>\n\n\n<a href=\"https:\/\/i0.wp.com\/toutcourtfestival.fr\/wp-content\/uploads\/2018\/10\/MVI_4668.MOV_20181009_032021.892.jpg\"><img data-recalc-dims=\"1\" loading=\"lazy\" decoding=\"async\" class=\"alignnone wp-image-6105 size-large\" src=\"https:\/\/i0.wp.com\/toutcourtfestival.fr\/wp-content\/uploads\/2018\/10\/MVI_4668.MOV_20181009_032021.892-1024x576.jpg?resize=1024%2C576\" alt=\"\" width=\"1024\" height=\"576\" srcset=\"https:\/\/i0.wp.com\/toutcourtfestival.fr\/wp-content\/uploads\/2018\/10\/MVI_4668.MOV_20181009_032021.892.jpg?resize=1024%2C576&amp;ssl=1 1024w, https:\/\/i0.wp.com\/toutcourtfestival.fr\/wp-content\/uploads\/2018\/10\/MVI_4668.MOV_20181009_032021.892.jpg?resize=300%2C169&amp;ssl=1 300w, https:\/\/i0.wp.com\/toutcourtfestival.fr\/wp-content\/uploads\/2018\/10\/MVI_4668.MOV_20181009_032021.892.jpg?resize=768%2C432&amp;ssl=1 768w, https:\/\/i0.wp.com\/toutcourtfestival.fr\/wp-content\/uploads\/2018\/10\/MVI_4668.MOV_20181009_032021.892.jpg?w=1920&amp;ssl=1 1920w\" sizes=\"auto, (max-width: 1024px) 100vw, 1024px\" \/><\/a>\n\n<a href=\"https:\/\/i0.wp.com\/toutcourtfestival.fr\/wp-content\/uploads\/2018\/10\/Capture3.jpg\"><img data-recalc-dims=\"1\" loading=\"lazy\" decoding=\"async\" class=\"alignnone wp-image-6109 size-large\" src=\"https:\/\/i0.wp.com\/toutcourtfestival.fr\/wp-content\/uploads\/2018\/10\/Capture3-1024x536.jpg?resize=1024%2C536\" alt=\"\" width=\"1024\" height=\"536\" srcset=\"https:\/\/i0.wp.com\/toutcourtfestival.fr\/wp-content\/uploads\/2018\/10\/Capture3.jpg?resize=1024%2C536&amp;ssl=1 1024w, https:\/\/i0.wp.com\/toutcourtfestival.fr\/wp-content\/uploads\/2018\/10\/Capture3.jpg?resize=300%2C157&amp;ssl=1 300w, https:\/\/i0.wp.com\/toutcourtfestival.fr\/wp-content\/uploads\/2018\/10\/Capture3.jpg?resize=768%2C402&amp;ssl=1 768w, https:\/\/i0.wp.com\/toutcourtfestival.fr\/wp-content\/uploads\/2018\/10\/Capture3.jpg?w=1919&amp;ssl=1 1919w\" sizes=\"auto, (max-width: 1024px) 100vw, 1024px\" \/><\/a>\n\n&nbsp;\n<p style=\"text-align: justify;\">C'est qu'on voudrait partir \u00e0 16h30 pour \u00eatre s\u00fbr d'arriver \u00e0 temps en cas d'embouteillages, or apr\u00e8s la pose de la musique il faut que l'ing\u00e9 son fasse une derni\u00e8re passe pour \u00e9galiser l'ensemble. \u00c7a prend encore du temps! La tension monte, on travaille tous avec concentration. A 16h00 l'ing\u00e9 son nous donne enfin la bande son d\u00e9finitive, que je pose sur l'image. J'exporte le tout - heureusement on a du bon mat\u00e9riel informatique et \u00e7a ne dure que 5 minutes. On regarde ensemble, c'est pas mal du tout !<\/p>\n<p style=\"text-align: justify;\">Mais l'ing\u00e9 son n'est pas satisfait : il y a encore quelques soucis et il voudrait refaire une passe, une toute derni\u00e8re... L'heure avance mais soit - seulement il faut qu'il soit s\u00fbr de lui car celle-l\u00e0 on n'aura plus le temps de la v\u00e9rifier ! Il travaille vite, en quelques minutes \u00e0 peine il r\u00e9sous ses probl\u00e8me et nous rend sa deuxi\u00e8me copie. A nouveau on la pose sur l'image, on l'exporte... On copie le film sur deux cartes m\u00e9moire...\u00a0Et on fonce !<\/p>\n\n<h1 style=\"text-align: justify;\"><strong>On rend le film !<\/strong><\/h1>\n<p style=\"text-align: justify;\">L'ing\u00e9 son range son mat\u00e9riel en quatri\u00e8me vitesse, on sort tous, des parents sont l\u00e0 pour r\u00e9cup\u00e9rer plusieurs jeunes - on n'a que deux places en voiture en plus du r\u00e9alisateur, du chauffeur et de moi-m\u00eame. Je sors la voiture du garage et je manque de pulv\u00e9riser une de mes porti\u00e8res arri\u00e8re ! Ce qui explique pourquoi nous avons un chauffeur, ce n'est pas moi qui vais conduire dans mon \u00e9tat...<\/p>\n<p style=\"text-align: justify;\">On prend la route, qui est assez glorieuse jusqu'\u00e0 la mairie du XV\u00e8me : elle nous fait passer par nombre de beaux monuments parisiens. Le r\u00e9alisateur et les deux jeunes accompagnateurs ne sont pas habitu\u00e9s alors le conducteur et moi-m\u00eame leurs faisons les guides touristiques au passage. Enfin, je ne sombre pas dans le sommeil par intermittence...<\/p>\n<p style=\"text-align: justify;\">Heureusement la route est d\u00e9gag\u00e9e: aucun embouteillage, aucun accident. Du coup on arrive tranquillement avec une bonne heure d'avance ! On se fait tamponner l'enveloppe, on entre dans la grande salle, on fait le point avec une organisatrice et le r\u00e9alisateur signe...<\/p>\n<a href=\"https:\/\/i0.wp.com\/toutcourtfestival.fr\/wp-content\/uploads\/2018\/10\/20181007_183840.mp4_20181009_025244.777.jpg\"><img data-recalc-dims=\"1\" loading=\"lazy\" decoding=\"async\" class=\"alignnone wp-image-6110 size-large\" src=\"https:\/\/i0.wp.com\/toutcourtfestival.fr\/wp-content\/uploads\/2018\/10\/20181007_183840.mp4_20181009_025244.777-1024x576.jpg?resize=1024%2C576\" alt=\"\" width=\"1024\" height=\"576\" srcset=\"https:\/\/i0.wp.com\/toutcourtfestival.fr\/wp-content\/uploads\/2018\/10\/20181007_183840.mp4_20181009_025244.777.jpg?resize=1024%2C576&amp;ssl=1 1024w, https:\/\/i0.wp.com\/toutcourtfestival.fr\/wp-content\/uploads\/2018\/10\/20181007_183840.mp4_20181009_025244.777.jpg?resize=300%2C169&amp;ssl=1 300w, https:\/\/i0.wp.com\/toutcourtfestival.fr\/wp-content\/uploads\/2018\/10\/20181007_183840.mp4_20181009_025244.777.jpg?resize=768%2C432&amp;ssl=1 768w, https:\/\/i0.wp.com\/toutcourtfestival.fr\/wp-content\/uploads\/2018\/10\/20181007_183840.mp4_20181009_025244.777.jpg?w=1920&amp;ssl=1 1920w\" sizes=\"auto, (max-width: 1024px) 100vw, 1024px\" \/><\/a>\n<p style=\"text-align: justify;\">Voil\u00e0 c'est fait ! Florian a r\u00e9alis\u00e9 son premier film, on a tous fait un film en 48h !<\/p>\n<p style=\"text-align: justify;\">Comme le veut ce qui est maintenant une tradition on va boire un coup au bar en face, puis on revient voir le d\u00e9compte final \u00e0 19h30 p\u00e9tante - m\u00eame quelques secondes apr\u00e8s c'est trop tard. Pas beaucoup de spectacle cette ann\u00e9e: personne ne l'aura rendu \u00e0 quelques secondes de la fin, comme les ann\u00e9es pr\u00e9c\u00e9dentes. On discute \u00e0 droite \u00e0 gauche, notamment avec une \u00e9quipe qui a \u00e9chou\u00e9, leur film \u00e9tait encore en cours d'export. C'est leur premi\u00e8re fois : on leur souhaite de r\u00e9ussir l'an prochain! Et on en profite pour les inviter au Tout Court !, on ne perd pas le nord \ud83d\ude42<\/p>\n<p style=\"text-align: justify;\">Au retour on prend notre temps. On s'accorde m\u00eame un petit \"Paris by night\" en voiture avec quelques petits d\u00e9tours, avant de rentrer sur Montagny. On y arrive \u00e0 21h: les parents r\u00e9cup\u00e8rent les jeunes, tout le monde rentre chez soi, et enfin je peux m'\u00e9crouler dans mon lit pour dormir une nuit enti\u00e8re !<\/p>\n&nbsp;\n\n\n\t\t<style type=\"text\/css\">\n\t\t\t#gallery-7 {\n\t\t\t\tmargin: auto;\n\t\t\t}\n\t\t\t#gallery-7 .gallery-item {\n\t\t\t\tfloat: left;\n\t\t\t\tmargin-top: 10px;\n\t\t\t\ttext-align: center;\n\t\t\t\twidth: 33%;\n\t\t\t}\n\t\t\t#gallery-7 img {\n\t\t\t\tborder: 2px solid #cfcfcf;\n\t\t\t}\n\t\t\t#gallery-7 .gallery-caption {\n\t\t\t\tmargin-left: 0;\n\t\t\t}\n\t\t\t\/* see gallery_shortcode() in wp-includes\/media.php *\/\n\t\t<\/style>\n\t\t<div id='gallery-7' class='gallery galleryid-6043 gallery-columns-3 gallery-size-medium'><dl class='gallery-item'>\n\t\t\t<dt class='gallery-icon landscape'>\n\t\t\t\t<a href=\"https:\/\/i0.wp.com\/toutcourtfestival.fr\/wp-content\/uploads\/2018\/10\/ggg.jpg?ssl=1\"><img loading=\"lazy\" decoding=\"async\" width=\"300\" height=\"169\" src=\"https:\/\/i0.wp.com\/toutcourtfestival.fr\/wp-content\/uploads\/2018\/10\/ggg.jpg?fit=300%2C169&amp;ssl=1\" class=\"attachment-medium size-medium\" alt=\"\" srcset=\"https:\/\/i0.wp.com\/toutcourtfestival.fr\/wp-content\/uploads\/2018\/10\/ggg.jpg?w=1920&amp;ssl=1 1920w, https:\/\/i0.wp.com\/toutcourtfestival.fr\/wp-content\/uploads\/2018\/10\/ggg.jpg?resize=300%2C169&amp;ssl=1 300w, https:\/\/i0.wp.com\/toutcourtfestival.fr\/wp-content\/uploads\/2018\/10\/ggg.jpg?resize=768%2C432&amp;ssl=1 768w, https:\/\/i0.wp.com\/toutcourtfestival.fr\/wp-content\/uploads\/2018\/10\/ggg.jpg?resize=1024%2C576&amp;ssl=1 1024w\" sizes=\"auto, (max-width: 300px) 100vw, 300px\" \/><\/a>\n\t\t\t<\/dt><\/dl><dl class='gallery-item'>\n\t\t\t<dt class='gallery-icon landscape'>\n\t\t\t\t<a href=\"https:\/\/i0.wp.com\/toutcourtfestival.fr\/wp-content\/uploads\/2018\/10\/ggggg.jpg?ssl=1\"><img loading=\"lazy\" decoding=\"async\" width=\"300\" height=\"169\" src=\"https:\/\/i0.wp.com\/toutcourtfestival.fr\/wp-content\/uploads\/2018\/10\/ggggg.jpg?fit=300%2C169&amp;ssl=1\" class=\"attachment-medium size-medium\" alt=\"\" srcset=\"https:\/\/i0.wp.com\/toutcourtfestival.fr\/wp-content\/uploads\/2018\/10\/ggggg.jpg?w=1920&amp;ssl=1 1920w, https:\/\/i0.wp.com\/toutcourtfestival.fr\/wp-content\/uploads\/2018\/10\/ggggg.jpg?resize=300%2C169&amp;ssl=1 300w, https:\/\/i0.wp.com\/toutcourtfestival.fr\/wp-content\/uploads\/2018\/10\/ggggg.jpg?resize=768%2C432&amp;ssl=1 768w, https:\/\/i0.wp.com\/toutcourtfestival.fr\/wp-content\/uploads\/2018\/10\/ggggg.jpg?resize=1024%2C576&amp;ssl=1 1024w\" sizes=\"auto, (max-width: 300px) 100vw, 300px\" \/><\/a>\n\t\t\t<\/dt><\/dl><dl class='gallery-item'>\n\t\t\t<dt class='gallery-icon landscape'>\n\t\t\t\t<a href=\"https:\/\/i0.wp.com\/toutcourtfestival.fr\/wp-content\/uploads\/2018\/10\/ggggggg.jpg?ssl=1\"><img loading=\"lazy\" decoding=\"async\" width=\"300\" height=\"169\" src=\"https:\/\/i0.wp.com\/toutcourtfestival.fr\/wp-content\/uploads\/2018\/10\/ggggggg.jpg?fit=300%2C169&amp;ssl=1\" class=\"attachment-medium size-medium\" alt=\"\" srcset=\"https:\/\/i0.wp.com\/toutcourtfestival.fr\/wp-content\/uploads\/2018\/10\/ggggggg.jpg?w=1920&amp;ssl=1 1920w, https:\/\/i0.wp.com\/toutcourtfestival.fr\/wp-content\/uploads\/2018\/10\/ggggggg.jpg?resize=300%2C169&amp;ssl=1 300w, https:\/\/i0.wp.com\/toutcourtfestival.fr\/wp-content\/uploads\/2018\/10\/ggggggg.jpg?resize=768%2C432&amp;ssl=1 768w, https:\/\/i0.wp.com\/toutcourtfestival.fr\/wp-content\/uploads\/2018\/10\/ggggggg.jpg?resize=1024%2C576&amp;ssl=1 1024w\" sizes=\"auto, (max-width: 300px) 100vw, 300px\" \/><\/a>\n\t\t\t<\/dt><\/dl><br style=\"clear: both\" \/>\n\t\t<\/div>\n\n\n<a href=\"https:\/\/i0.wp.com\/toutcourtfestival.fr\/wp-content\/uploads\/2018\/10\/gg.jpg\"><img data-recalc-dims=\"1\" loading=\"lazy\" decoding=\"async\" class=\"alignnone wp-image-6111 \" src=\"https:\/\/i0.wp.com\/toutcourtfestival.fr\/wp-content\/uploads\/2018\/10\/gg-1024x576.jpg?resize=745%2C419\" alt=\"\" width=\"745\" height=\"419\" srcset=\"https:\/\/i0.wp.com\/toutcourtfestival.fr\/wp-content\/uploads\/2018\/10\/gg.jpg?resize=1024%2C576&amp;ssl=1 1024w, https:\/\/i0.wp.com\/toutcourtfestival.fr\/wp-content\/uploads\/2018\/10\/gg.jpg?resize=300%2C169&amp;ssl=1 300w, https:\/\/i0.wp.com\/toutcourtfestival.fr\/wp-content\/uploads\/2018\/10\/gg.jpg?resize=768%2C432&amp;ssl=1 768w, https:\/\/i0.wp.com\/toutcourtfestival.fr\/wp-content\/uploads\/2018\/10\/gg.jpg?w=1920&amp;ssl=1 1920w\" sizes=\"auto, (max-width: 745px) 100vw, 745px\" \/><\/a>\n\n&nbsp;<\/div>\n<\/div><\/div><\/div><div id=\"pgc-6043-1-2\"  class=\"panel-grid-cell panel-grid-cell-empty\" ><\/div><\/div><div id=\"pg-6043-2\"  class=\"panel-grid panel-no-style\" ><div id=\"pgc-6043-2-0\"  class=\"panel-grid-cell\" ><div id=\"panel-6043-2-0-0\" class=\"so-panel widget widget_text panel-first-child panel-last-child\" data-index=\"2\" >\t\t\t<div class=\"textwidget\"><style>.entry-title {display:none;}<\/style>\n<\/div>\n\t\t<\/div><\/div><\/div><\/div>","protected":false},"excerpt":{"rendered":"<p>L&#8217;aventure des 48h <\/p>\n<p style=\"text-align: justify;\">Et voil\u00e0, le film des 48h mill\u00e9sime 2018 est dans la bo\u00eete!<\/p>\n<p style=\"text-align: justify;\">Si vous ne connaissez pas le principe des 48h, <a href=\"http:\/\/toutcourtfestival.fr\/index.php\/faire-un-film-en-48h\/\">voyez ici.<\/a> En bas de la page vous trouverez entre autres les films et making-of r\u00e9alis\u00e9s les 4 ann\u00e9es pr\u00e9c\u00e9dentes. Pour le Tout Court ! ce &hellip; <\/p>\n<p><a class=\"more-link btn\" href=\"https:\/\/toutcourtfestival.fr\/index.php\/2018\/10\/15\/laventure-des-48h\/\">Continue reading<\/a><\/p>\n","protected":false},"author":1,"featured_media":6111,"comment_status":"closed","ping_status":"closed","sticky":false,"template":"","format":"standard","meta":{"ngg_post_thumbnail":0,"jetpack_post_was_ever_published":false,"_jetpack_newsletter_access":"","_jetpack_dont_email_post_to_subs":false,"_jetpack_newsletter_tier_id":0,"_jetpack_memberships_contains_paywalled_content":false,"_jetpack_memberships_contains_paid_content":false,"footnotes":"","jetpack_publicize_message":"","jetpack_publicize_feature_enabled":true,"jetpack_social_post_already_shared":true,"jetpack_social_options":{"image_generator_settings":{"template":"highway","default_image_id":0,"font":"","enabled":false},"version":2}},"categories":[4],"tags":[],"class_list":["post-6043","post","type-post","status-publish","format-standard","has-post-thumbnail","hentry","category-actualites","nodate","item-wrap"],"jetpack_publicize_connections":[],"jetpack_featured_media_url":"https:\/\/i0.wp.com\/toutcourtfestival.fr\/wp-content\/uploads\/2018\/10\/gg.jpg?fit=1920%2C1080&ssl=1","jetpack_sharing_enabled":true,"jetpack_shortlink":"https:\/\/wp.me\/p8k6iw-1zt","jetpack_likes_enabled":true,"_links":{"self":[{"href":"https:\/\/toutcourtfestival.fr\/index.php\/wp-json\/wp\/v2\/posts\/6043","targetHints":{"allow":["GET"]}}],"collection":[{"href":"https:\/\/toutcourtfestival.fr\/index.php\/wp-json\/wp\/v2\/posts"}],"about":[{"href":"https:\/\/toutcourtfestival.fr\/index.php\/wp-json\/wp\/v2\/types\/post"}],"author":[{"embeddable":true,"href":"https:\/\/toutcourtfestival.fr\/index.php\/wp-json\/wp\/v2\/users\/1"}],"replies":[{"embeddable":true,"href":"https:\/\/toutcourtfestival.fr\/index.php\/wp-json\/wp\/v2\/comments?post=6043"}],"version-history":[{"count":0,"href":"https:\/\/toutcourtfestival.fr\/index.php\/wp-json\/wp\/v2\/posts\/6043\/revisions"}],"wp:featuredmedia":[{"embeddable":true,"href":"https:\/\/toutcourtfestival.fr\/index.php\/wp-json\/wp\/v2\/media\/6111"}],"wp:attachment":[{"href":"https:\/\/toutcourtfestival.fr\/index.php\/wp-json\/wp\/v2\/media?parent=6043"}],"wp:term":[{"taxonomy":"category","embeddable":true,"href":"https:\/\/toutcourtfestival.fr\/index.php\/wp-json\/wp\/v2\/categories?post=6043"},{"taxonomy":"post_tag","embeddable":true,"href":"https:\/\/toutcourtfestival.fr\/index.php\/wp-json\/wp\/v2\/tags?post=6043"}],"curies":[{"name":"wp","href":"https:\/\/api.w.org\/{rel}","templated":true}]}}