{"id":6389,"date":"2019-03-02T01:18:19","date_gmt":"2019-03-02T00:18:19","guid":{"rendered":"http:\/\/toutcourtfestival.fr\/?p=6389"},"modified":"2019-03-02T01:39:06","modified_gmt":"2019-03-02T00:39:06","slug":"le-festival-approche","status":"publish","type":"post","link":"https:\/\/toutcourtfestival.fr\/index.php\/2019\/03\/02\/le-festival-approche\/","title":{"rendered":"Le festival approche !"},"content":{"rendered":"<div id=\"pl-6389\"  class=\"panel-layout\" ><div id=\"pg-6389-0\"  class=\"panel-grid panel-has-style\" ><div class=\"panel-row-style panel-row-style-for-6389-0\" ><div id=\"pgc-6389-0-0\"  class=\"panel-grid-cell\" ><div id=\"panel-6389-0-0-0\" class=\"so-panel widget widget_sow-headline panel-first-child panel-last-child\" data-index=\"0\" ><div class=\"panel-widget-style panel-widget-style-for-6389-0-0-0\" ><div\n\t\t\t\n\t\t\tclass=\"so-widget-sow-headline so-widget-sow-headline-default-6090f20097d1-6389\"\n\t\t\t\n\t\t><div class=\"sow-headline-container \">\n\t\t\t\t\t\t\t<h1 class=\"sow-headline\">\n\t\t\t\t\t\tLe festival approche !\t\t\t\t\t\t<\/h1>\n\t\t\t\t\t\t\t\t\t\t\t<div class=\"decoration\">\n\t\t\t\t\t\t<div class=\"decoration-inside\"><\/div>\n\t\t\t\t\t<\/div>\n\t\t\t\t\t<\/div>\n<\/div><\/div><\/div><\/div><\/div><\/div><div id=\"pg-6389-1\"  class=\"panel-grid panel-has-style\" ><div class=\"panel-row-style panel-row-style-for-6389-1\" ><div id=\"pgc-6389-1-0\"  class=\"panel-grid-cell panel-grid-cell-empty\" ><\/div><div id=\"pgc-6389-1-1\"  class=\"panel-grid-cell panel-grid-cell-mobile-last\" ><div id=\"panel-6389-1-1-0\" class=\"so-panel widget widget_sow-editor panel-first-child panel-last-child\" data-index=\"1\" ><div class=\"panel-widget-style panel-widget-style-for-6389-1-1-0\" ><div\n\t\t\t\n\t\t\tclass=\"so-widget-sow-editor so-widget-sow-editor-base\"\n\t\t\t\n\t\t>\n<div class=\"siteorigin-widget-tinymce textwidget\">\n\t<p style=\"text-align: justify;\">Ces derniers mois ont \u00e9t\u00e9 tellement charg\u00e9s que nous n'avons pas eu le temps de beaucoup vous communiquer nos nouvelles... On va y rem\u00e9dier et d\u00e9sormais vous en donner plus souvent jusqu'au festival, ici bien s\u00fbr mais aussi sur la <a href=\"https:\/\/www.facebook.com\/toutcourtgisors\/\">page Facebook.<\/a><\/p>\n<p style=\"text-align: justify;\">En attendant, voici un petit r\u00e9capitulatif des activit\u00e9s men\u00e9es par le Tout Court ! depuis novembre. Comme vous pouvez le voir on n'a pas ch\u00f4m\u00e9!<\/p>\n<h2 style=\"text-align: justify;\">S\u00e9lections et pr\u00e9paration du festival&nbsp;<\/h2>\n<p style=\"text-align: justify;\">330 films ont \u00e9t\u00e9 inscrits pour la section professionnelle du&nbsp;Tout Court ! \u00e9dition 3. Apr\u00e8s filtrage par une \u00e9quipe de pr\u00e9-s\u00e9lection compos\u00e9 d'adultes b\u00e9n\u00e9voles,&nbsp;afin de&nbsp;retirer d'\u00e9ventuels films non appropri\u00e9s, les jeunes r\u00e9unis en comit\u00e9 de s\u00e9lection en ont regard\u00e9 et not\u00e9 une petite centaine.<\/p>\n<p><a href=\"https:\/\/i0.wp.com\/toutcourtfestival.fr\/wp-content\/uploads\/2019\/03\/20190216_180117-flout%C3%A9.jpg\"><img data-recalc-dims=\"1\" loading=\"lazy\" decoding=\"async\" class=\"alignright wp-image-6406 size-medium\" src=\"https:\/\/i0.wp.com\/toutcourtfestival.fr\/wp-content\/uploads\/2019\/03\/20190216_180117-flout%C3%A9-300x169.jpg?resize=300%2C169\" alt=\"\" width=\"300\" height=\"169\" srcset=\"https:\/\/i0.wp.com\/toutcourtfestival.fr\/wp-content\/uploads\/2019\/03\/20190216_180117-flout%C3%A9.jpg?resize=300%2C169&amp;ssl=1 300w, https:\/\/i0.wp.com\/toutcourtfestival.fr\/wp-content\/uploads\/2019\/03\/20190216_180117-flout%C3%A9.jpg?resize=768%2C432&amp;ssl=1 768w, https:\/\/i0.wp.com\/toutcourtfestival.fr\/wp-content\/uploads\/2019\/03\/20190216_180117-flout%C3%A9.jpg?resize=1024%2C576&amp;ssl=1 1024w, https:\/\/i0.wp.com\/toutcourtfestival.fr\/wp-content\/uploads\/2019\/03\/20190216_180117-flout%C3%A9.jpg?w=1280&amp;ssl=1 1280w\" sizes=\"auto, (max-width: 300px) 100vw, 300px\" \/><\/a><\/p>\n<p style=\"text-align: justify;\">Est venu d\u00e9sormais l'heure des choix! Le cahier des charges est d'arriver \u00e0 deux s\u00e9ances de 1h15 maximum, soit une entre autour d'une douzaine de films. Pas facile! Pour ce faire les jeunes se r\u00e9unissent depuis quelques semaines en tables rondes pour travailler, d\u00e9battre, d\u00e9fendre leurs films pr\u00e9f\u00e9r\u00e9s, parfois devoir s'en s\u00e9parer dans la douleur... D'autant qu'on ne leur demande pas juste de choisir des films, mais aussi et surtout de cr\u00e9er une s\u00e9ance: elle doit \u00eatre coh\u00e9rente, rythm\u00e9e et plaire au public qui la regardera.<\/p>\n<p style=\"text-align: justify;\">Les jeunes n'ont plus qu'une&nbsp; semaine: c'est la derni\u00e8re ligne droite ! Toutes les s\u00e9lections pros seront boucl\u00e9es d'ici la mi-mars, et annonc\u00e9es sur ce site peu apr\u00e8s.<\/p>\n<p style=\"text-align: justify;\">Par ailleurs le jury professionnel de cette \u00e9dition est en cours de formation. Il sera annonc\u00e9 sur ce site d\u00e8s qu'il sera complet.<\/p>\n<p style=\"text-align: justify;\">&nbsp;<\/p>\n<h2 style=\"text-align: justify;\">Cin\u00e9-concert Georges M\u00e9li\u00e8s au festival<a href=\"https:\/\/i0.wp.com\/toutcourtfestival.fr\/wp-content\/uploads\/2019\/03\/CINE_CONCERT_GEORGES_MELIES.jpg\"><img data-recalc-dims=\"1\" loading=\"lazy\" decoding=\"async\" class=\" wp-image-6425 alignright\" src=\"https:\/\/i0.wp.com\/toutcourtfestival.fr\/wp-content\/uploads\/2019\/03\/CINE_CONCERT_GEORGES_MELIES-300x214.jpg?resize=243%2C173\" alt=\"\" width=\"243\" height=\"173\" srcset=\"https:\/\/i0.wp.com\/toutcourtfestival.fr\/wp-content\/uploads\/2019\/03\/CINE_CONCERT_GEORGES_MELIES.jpg?resize=300%2C214&amp;ssl=1 300w, https:\/\/i0.wp.com\/toutcourtfestival.fr\/wp-content\/uploads\/2019\/03\/CINE_CONCERT_GEORGES_MELIES.jpg?resize=768%2C548&amp;ssl=1 768w, https:\/\/i0.wp.com\/toutcourtfestival.fr\/wp-content\/uploads\/2019\/03\/CINE_CONCERT_GEORGES_MELIES.jpg?w=804&amp;ssl=1 804w\" sizes=\"auto, (max-width: 243px) 100vw, 243px\" \/><\/a><\/h2>\n<p style=\"text-align: justify;\">Comme c'est d\u00e9sormais une tradition, le samedi 11 mai au soir le festival proposera un cin\u00e9-concert \u00e0 son public. Cette ann\u00e9e c'est du lourd: Cin\u00e9-Concert Georges M\u00e9li\u00e8s par <a href=\"http:\/\/www.zamoraprod.com\">Zamora production<\/a>. Il s'agit d'un programme exclusif de films de Georges M\u00e9li\u00e8s accompagn\u00e9, comme dans les ann\u00e9es 1900,&nbsp;<span style=\"text-align: justify;\">par un pianiste et une bonimenteuse. Cette derni\u00e8re,&nbsp;Marie-H\u00e9l\u00e8ne Leh\u00e9rissey, est elle-m\u00eame arri\u00e8re-petite fille&nbsp;du magicien r\u00e9alisateur. La musique est compos\u00e9e par&nbsp;Lawrence L<\/span><span style=\"text-align: justify;\">eh\u00e9rissey, son arri\u00e8re-arri\u00e8re-petits&nbsp;<\/span>fils.<\/p>\n<p style=\"text-align: justify;\">Ce Cin\u00e9-Concert sera organis\u00e9 en partenariat avec Dumas Pianos (<a href=\"http:\/\/www.lespianosduvexin.fr\/\">Les Pianos du Vexin<\/a>), partenaire historique du Tout Court ! et qu'on remercie chaudement! On vous en reparle tr\u00e8s vite.<\/p>\n<p style=\"text-align: justify;\"><a href=\"https:\/\/i0.wp.com\/toutcourtfestival.fr\/wp-content\/uploads\/2019\/03\/logo-dumas-piano-e1551482554210.png\"><img data-recalc-dims=\"1\" loading=\"lazy\" decoding=\"async\" class=\"wp-image-6397 alignnone\" src=\"https:\/\/i0.wp.com\/toutcourtfestival.fr\/wp-content\/uploads\/2019\/03\/logo-dumas-piano-e1551482554210-1024x328.png?resize=322%2C103\" alt=\"\" width=\"322\" height=\"103\"\/><\/a><\/p>\n<h2 style=\"text-align: justify;\">Cin\u00e9-rencontre \"Ma vie avec James Dean\" de Dominique choisy en avril<\/h2>\n<p style=\"text-align: justify;\">Quelques semaines avant le festival, le 27 avril prochain, nous organisons avec le cin\u00e9ma Jour-de-F\u00eate une soir\u00e9e cin\u00e9-rencontre avec projection du long m\u00e9trage \"Ma vie avec James Dean\" de Dominique Choisy, suivi d'une rencontre avec le r\u00e9alisateur. On vous en reparle vite!<\/p>\n<p style=\"text-align: justify;\"><a href=\"https:\/\/i0.wp.com\/toutcourtfestival.fr\/wp-content\/uploads\/2019\/03\/47574356_1490072551137219_8369137379943907328_n.jpg\"><img data-recalc-dims=\"1\" loading=\"lazy\" decoding=\"async\" class=\"alignnone wp-image-6400 size-full\" src=\"https:\/\/i0.wp.com\/toutcourtfestival.fr\/wp-content\/uploads\/2019\/03\/47574356_1490072551137219_8369137379943907328_n.jpg?resize=640%2C262\" alt=\"\" width=\"640\" height=\"262\" srcset=\"https:\/\/i0.wp.com\/toutcourtfestival.fr\/wp-content\/uploads\/2019\/03\/47574356_1490072551137219_8369137379943907328_n.jpg?w=640&amp;ssl=1 640w, https:\/\/i0.wp.com\/toutcourtfestival.fr\/wp-content\/uploads\/2019\/03\/47574356_1490072551137219_8369137379943907328_n.jpg?resize=300%2C123&amp;ssl=1 300w\" sizes=\"auto, (max-width: 640px) 100vw, 640px\" \/><\/a><\/p>\n<h2 style=\"text-align: justify;\">Sortie au festival Premiers Plans \u00e0 Angers<\/h2>\n<p style=\"text-align: justify;\">Les jeunes du Tout Court ! ont effectu\u00e9 leur sortie traditionnelle au festival Premiers Plans \u00e0 Angers fin janvier. Un week-end particuli\u00e8rement riche avec au programme: court et long m\u00e9trages en comp\u00e9tition, d\u00e9bats avec des r\u00e9alisateurs, master class&nbsp;\"Musique et cin\u00e9ma\", lecture de sc\u00e9nario... Une occasion pour les jeune de voir comment se d\u00e9roule un tr\u00e8s grand festival - celui-ci est l'un des plus courus en France apr\u00e8s Cannes!<\/p>\n<p style=\"text-align: justify;\"><a href=\"https:\/\/i0.wp.com\/toutcourtfestival.fr\/wp-content\/uploads\/2019\/03\/50790038_993945214149848_7058716456770338816_o.jpg\"><img data-recalc-dims=\"1\" loading=\"lazy\" decoding=\"async\" class=\"alignnone wp-image-6398 size-medium\" src=\"https:\/\/i0.wp.com\/toutcourtfestival.fr\/wp-content\/uploads\/2019\/03\/50790038_993945214149848_7058716456770338816_o-300x169.jpg?resize=300%2C169\" alt=\"\" width=\"300\" height=\"169\" srcset=\"https:\/\/i0.wp.com\/toutcourtfestival.fr\/wp-content\/uploads\/2019\/03\/50790038_993945214149848_7058716456770338816_o.jpg?resize=300%2C169&amp;ssl=1 300w, https:\/\/i0.wp.com\/toutcourtfestival.fr\/wp-content\/uploads\/2019\/03\/50790038_993945214149848_7058716456770338816_o.jpg?resize=768%2C432&amp;ssl=1 768w, https:\/\/i0.wp.com\/toutcourtfestival.fr\/wp-content\/uploads\/2019\/03\/50790038_993945214149848_7058716456770338816_o.jpg?resize=1024%2C576&amp;ssl=1 1024w, https:\/\/i0.wp.com\/toutcourtfestival.fr\/wp-content\/uploads\/2019\/03\/50790038_993945214149848_7058716456770338816_o.jpg?w=2048&amp;ssl=1 2048w\" sizes=\"auto, (max-width: 300px) 100vw, 300px\" \/>&nbsp;&nbsp;<\/a><a href=\"https:\/\/www.facebook.com\/watch\/?v=391194708299842\"><img data-recalc-dims=\"1\" loading=\"lazy\" decoding=\"async\" class=\"alignnone wp-image-6399 \" src=\"https:\/\/i0.wp.com\/toutcourtfestival.fr\/wp-content\/uploads\/2019\/03\/Sans-titre-300x162.jpg?resize=313%2C168\" alt=\"\" width=\"313\" height=\"168\" srcset=\"https:\/\/i0.wp.com\/toutcourtfestival.fr\/wp-content\/uploads\/2019\/03\/Sans-titre.jpg?resize=300%2C162&amp;ssl=1 300w, https:\/\/i0.wp.com\/toutcourtfestival.fr\/wp-content\/uploads\/2019\/03\/Sans-titre.jpg?resize=768%2C414&amp;ssl=1 768w, https:\/\/i0.wp.com\/toutcourtfestival.fr\/wp-content\/uploads\/2019\/03\/Sans-titre.jpg?w=884&amp;ssl=1 884w\" sizes=\"auto, (max-width: 313px) 100vw, 313px\" \/>&nbsp;<\/a><br \/>\n&nbsp;<\/p>\n<h2 style=\"text-align: justify;\">R\u00e9alisation de spots de pr\u00e9vention contre le tabac<\/h2>\n<p style=\"text-align: justify;\">Dans le cadre de son programme d'aide aux structure le Tout Court ! a aid\u00e9 un groupe d'\u00e9l\u00e8ves du coll\u00e8ge d'Etrepagny \u00e0 Gisors \u00e0 r\u00e9aliser des petits films de pr\u00e9vention contre le tabac en Novembre dernier (mois sans tabac 2019). En partenariat avec la Consultation Jeunes Consommateurs de Gisors et les infirmi\u00e8res scolaires du coll\u00e8ge, porteuses du projet.<\/p>\n<p><iframe loading=\"lazy\" src=\"\/\/www.youtube.com\/embed\/BRIj-63qjFE\" width=\"300\" height=\"168\" allowfullscreen=\"allowfullscreen\"><\/iframe>&nbsp;<iframe loading=\"lazy\" src=\"\/\/www.youtube.com\/embed\/AGRBtrHWUSQ\" width=\"300\" height=\"168\" allowfullscreen=\"allowfullscreen\"><\/iframe><\/p>\n<p><iframe loading=\"lazy\" src=\"\/\/www.youtube.com\/embed\/uhEe_v0rGBw\" width=\"300\" height=\"168\" allowfullscreen=\"allowfullscreen\"><\/iframe>&nbsp;<iframe loading=\"lazy\" src=\"\/\/www.youtube.com\/embed\/wcUnfwTC4Hk?t=7s\" width=\"300\" height=\"168\" allowfullscreen=\"allowfullscreen\"><\/iframe><\/p>\n<h2 style=\"text-align: justify;\">Dispositif \"Premier Clap\" - accompagnement \u00e0 la r\u00e9alisation<\/h2>\n<p style=\"text-align: justify;\">Ces derni\u00e8res ann\u00e9es&nbsp;nous avions men\u00e9 avec succ\u00e8s une exp\u00e9rimentation: accompagner sur deux ans un jeune dans l'\u00e9criture puis la r\u00e9alisation d'un court-m\u00e9trage dans des conditions professionnelles. Nous travaillons d\u00e9sormais \u00e0 p\u00e9renniser cette formule en cr\u00e9ant un dispositif que nous intitulons \"Premier Clap\". L'id\u00e9e est d'entourer le jeune cr\u00e9ateur d'une \u00e9quipe de jeunes du Tout Court ! d'une part, et de professionnels du cin\u00e9ma intervenant d\u00e8s la phase d'\u00e9criture sous forme d'ateliers. Un projet de film est d\u00e9j\u00e0 en cours de travail avec les jeunes du Tout Court ! autour de l'un d'entre eux, futur r\u00e9alisateur. Nous cherchons des financements pour ce nouveau projet. On vous en reparlera surtout apr\u00e8s le festival, quand on aura plus de temps pour nous y consacrer!<\/p>\n<h2 style=\"text-align: justify;\">Le film \"Entre le bien et le mal\" d'un jeune Gisorsien diffus\u00e9&nbsp;\u00e0 la t\u00e9l\u00e9vision!<\/h2>\n<p style=\"text-align: justify;\">Le film \"Entre le bien et le mal\" du&nbsp;jeune Robinson Pamart, r\u00e9alis\u00e9 l'an dernier sous forme d'une exp\u00e9rimentation (voir ci-dessus \u00e0 propos de \"Premier Clap\") a \u00e9t\u00e9 s\u00e9lectionn\u00e9&nbsp;par la cha\u00eene r\u00e9gionale W\u00e9o de la TNT. Il a d\u00e9j\u00e0 \u00e9t\u00e9 diffus\u00e9 une premi\u00e8re fois fin janvier dans l'\u00e9mission \"Atout Court\" - \u00e9pisode qui sera sans doute mis&nbsp;en ligne prochainement sur le site&nbsp;https:\/\/www.weo.fr\/emission\/atout-court\/<\/p>\n<h2 style=\"text-align: justify;\"><a href=\"https:\/\/i0.wp.com\/toutcourtfestival.fr\/wp-content\/uploads\/2019\/03\/20190212_113636.png\"><img data-recalc-dims=\"1\" loading=\"lazy\" decoding=\"async\" class=\"size-medium wp-image-6401 alignright\" src=\"https:\/\/i0.wp.com\/toutcourtfestival.fr\/wp-content\/uploads\/2019\/03\/20190212_113636-300x169.png?resize=300%2C169\" alt=\"\" width=\"300\" height=\"169\" srcset=\"https:\/\/i0.wp.com\/toutcourtfestival.fr\/wp-content\/uploads\/2019\/03\/20190212_113636.png?resize=300%2C169&amp;ssl=1 300w, https:\/\/i0.wp.com\/toutcourtfestival.fr\/wp-content\/uploads\/2019\/03\/20190212_113636.png?resize=768%2C432&amp;ssl=1 768w, https:\/\/i0.wp.com\/toutcourtfestival.fr\/wp-content\/uploads\/2019\/03\/20190212_113636.png?resize=1024%2C576&amp;ssl=1 1024w, https:\/\/i0.wp.com\/toutcourtfestival.fr\/wp-content\/uploads\/2019\/03\/20190212_113636.png?w=1280&amp;ssl=1 1280w\" sizes=\"auto, (max-width: 300px) 100vw, 300px\" \/><\/a>Ateliers d\u00e9couverte&nbsp;pendant les cong\u00e9s d'hivers<\/h2>\n<p style=\"text-align: justify;\">Pas mois de trois ateliers ont \u00e9t\u00e9 propos\u00e9s par le Tout Court ! et ses partenaires - Service Jeunesse de Gisors et association Qui Caf\u00e9 Quoi de Flavacourt - pendant ce d\u00e9but de cong\u00e9s scolaires!<\/p>\n<p style=\"text-align: justify;\"><strong>Atelier&nbsp;Effets Sp\u00e9ciaux<\/strong>: sur une journ\u00e9e, les jeunes ont d\u00e9couvert l'histoire des effets sp\u00e9ciaux depuis la naissance du cin\u00e9ma jusqu'aux effets num\u00e9riques d'aujourd'hui, en passant bien s\u00fbr par M\u00e9li\u00e8s! Puis ils ont cr\u00e9\u00e9 deux petits films tr\u00e8s courts bas\u00e9s sur des effets sp\u00e9ciaux.<\/p>\n<p style=\"text-align: justify;\"><strong>Atelier Bruitage<\/strong>: les jeunes ont d\u00e9couvert les secrets des bruiteurs au cin\u00e9ma, et les ont appliqu\u00e9 pour bruiter les petits films qu'ils avaient r\u00e9alis\u00e9 lors de l'atelier pr\u00e9c\u00e9dent.<\/p>\n<p style=\"text-align: justify;\"><strong>Atelier cr\u00e9ation th\u00e9\u00e2tre et cin\u00e9ma<\/strong>: cet atelier \u00e9tait propos\u00e9 par l'association Qui Caf\u00e9 Quoi en partenariat avec le Tout Court !. Il s'agissait d'un stage th\u00e9\u00e2tre orient\u00e9 vers la cr\u00e9ation et l'improvisation, avec une forte composante cin\u00e9ma et vid\u00e9o&nbsp;- les jeunes filmant eux-m\u00eame les petites histoires qu'ils cr\u00e9aient, ainsi qu'un making-of des s\u00e9ances. Le Tout Court ! est intervenu dans le cadre de son programme d'aide aux structures pour accompagner les jeunes lors du montage des vid\u00e9os: initiation aux outils&nbsp;et cr\u00e9ation \/ re-cr\u00e9ation d'histoires et de sens \u00e0 travers les diff\u00e9rentes \u00e9tapes du montage.<\/p>\n<h2 style=\"text-align: justify;\">Nomination aux C\u00e9sars !<\/h2>\n<p style=\"text-align: justify;\">Le 22 f\u00e9vrier dernier nous \u00e9tions tous pendus \u00e0 la c\u00e9r\u00e9monie des C\u00e9sars! Le jeune acteur Thomas Gioria, ancien du Tout Court ! \u00e0 l'\u00e9poque de sa&nbsp;cr\u00e9ation -&nbsp;c'est m\u00eame \u00e0 lui que nous devons le nom \"Tout Court !\" - a bien failli recevoir celui du meilleurs espoir masculin suite \u00e0 sa nomination&nbsp; pour sa prestation remarquable dans le film \"Jusqu'\u00e0 la garde\" de Xavier Legrand. Finalement c'est un autre acteur qui l'a emport\u00e9, mais son film est quand m\u00eame sorti grand vainqueur de la c\u00e9r\u00e9monie!<\/p>\n<p style=\"text-align: justify;\">Thomas pourra bient\u00f4t \u00eatre vu \u00e0 nouveau sur les \u00e9crans dans le film Adoration du r\u00e9alisateur belge&nbsp;Fabrice Du Welz, o\u00f9 il partagera notamment l'affiche avec&nbsp;Beno\u00eet Poelvoorde. Une belle carri\u00e8re qui se dessine!<\/p>\n<p><iframe loading=\"lazy\" src=\"\/\/www.youtube.com\/embed\/z86eZjLQczA\" width=\"560\" height=\"314\" allowfullscreen=\"allowfullscreen\"><\/iframe><\/p>\n<\/div>\n<\/div><\/div><\/div><\/div><div id=\"pgc-6389-1-2\"  class=\"panel-grid-cell panel-grid-cell-empty\" ><\/div><\/div><\/div><div id=\"pg-6389-2\"  class=\"panel-grid panel-no-style\" ><div id=\"pgc-6389-2-0\"  class=\"panel-grid-cell\" ><div id=\"panel-6389-2-0-0\" class=\"so-panel widget widget_text panel-first-child panel-last-child\" data-index=\"2\" >\t\t\t<div class=\"textwidget\"><style>.entry-title {display:none;}<\/style>\n<\/div>\n\t\t<\/div><\/div><\/div><\/div>","protected":false},"excerpt":{"rendered":"<p>Le festival approche ! <\/p>\n<p style=\"text-align: justify;\">Ces derniers mois ont \u00e9t\u00e9 tellement charg\u00e9s que nous n&#8217;avons pas eu le temps de beaucoup vous communiquer nos nouvelles&#8230; On va y rem\u00e9dier et d\u00e9sormais vous en donner plus souvent jusqu&#8217;au festival, ici bien s\u00fbr mais aussi sur la <a href=\"https:\/\/www.facebook.com\/toutcourtgisors\/\">page Facebook.<\/a><\/p>\n<p style=\"text-align: justify;\">En attendant, voici un &hellip; <\/p>\n<p><a class=\"more-link btn\" href=\"https:\/\/toutcourtfestival.fr\/index.php\/2019\/03\/02\/le-festival-approche\/\">Continue reading<\/a><\/p>\n","protected":false},"author":1,"featured_media":6396,"comment_status":"closed","ping_status":"closed","sticky":false,"template":"","format":"standard","meta":{"ngg_post_thumbnail":0,"jetpack_post_was_ever_published":false,"_jetpack_newsletter_access":"","_jetpack_dont_email_post_to_subs":false,"_jetpack_newsletter_tier_id":0,"_jetpack_memberships_contains_paywalled_content":false,"_jetpack_memberships_contains_paid_content":false,"footnotes":"","jetpack_publicize_message":"","jetpack_publicize_feature_enabled":true,"jetpack_social_post_already_shared":true,"jetpack_social_options":{"image_generator_settings":{"template":"highway","default_image_id":0,"font":"","enabled":false},"version":2}},"categories":[4],"tags":[],"class_list":["post-6389","post","type-post","status-publish","format-standard","has-post-thumbnail","hentry","category-actualites","nodate","item-wrap"],"jetpack_publicize_connections":[],"jetpack_featured_media_url":"https:\/\/i0.wp.com\/toutcourtfestival.fr\/wp-content\/uploads\/2019\/03\/Cine-concert%C2%A9DR.jpg?fit=236%2C187&ssl=1","jetpack_sharing_enabled":true,"jetpack_shortlink":"https:\/\/wp.me\/p8k6iw-1F3","jetpack_likes_enabled":true,"_links":{"self":[{"href":"https:\/\/toutcourtfestival.fr\/index.php\/wp-json\/wp\/v2\/posts\/6389","targetHints":{"allow":["GET"]}}],"collection":[{"href":"https:\/\/toutcourtfestival.fr\/index.php\/wp-json\/wp\/v2\/posts"}],"about":[{"href":"https:\/\/toutcourtfestival.fr\/index.php\/wp-json\/wp\/v2\/types\/post"}],"author":[{"embeddable":true,"href":"https:\/\/toutcourtfestival.fr\/index.php\/wp-json\/wp\/v2\/users\/1"}],"replies":[{"embeddable":true,"href":"https:\/\/toutcourtfestival.fr\/index.php\/wp-json\/wp\/v2\/comments?post=6389"}],"version-history":[{"count":0,"href":"https:\/\/toutcourtfestival.fr\/index.php\/wp-json\/wp\/v2\/posts\/6389\/revisions"}],"wp:featuredmedia":[{"embeddable":true,"href":"https:\/\/toutcourtfestival.fr\/index.php\/wp-json\/wp\/v2\/media\/6396"}],"wp:attachment":[{"href":"https:\/\/toutcourtfestival.fr\/index.php\/wp-json\/wp\/v2\/media?parent=6389"}],"wp:term":[{"taxonomy":"category","embeddable":true,"href":"https:\/\/toutcourtfestival.fr\/index.php\/wp-json\/wp\/v2\/categories?post=6389"},{"taxonomy":"post_tag","embeddable":true,"href":"https:\/\/toutcourtfestival.fr\/index.php\/wp-json\/wp\/v2\/tags?post=6389"}],"curies":[{"name":"wp","href":"https:\/\/api.w.org\/{rel}","templated":true}]}}