{"id":6818,"date":"2019-04-09T22:28:21","date_gmt":"2019-04-09T20:28:21","guid":{"rendered":"http:\/\/toutcourtfestival.fr\/?p=6818"},"modified":"2019-09-24T16:11:21","modified_gmt":"2019-09-24T14:11:21","slug":"jury-professionnel-de-ledition-3","status":"publish","type":"post","link":"https:\/\/toutcourtfestival.fr\/index.php\/2019\/04\/09\/jury-professionnel-de-ledition-3\/","title":{"rendered":"Jury professionnel de l&#8217;\u00e9dition 3"},"content":{"rendered":"<div id=\"pl-6818\"  class=\"panel-layout\" ><div id=\"pg-6818-0\"  class=\"panel-grid panel-has-style\" ><div class=\"panel-row-style panel-row-style-for-6818-0\" ><div id=\"pgc-6818-0-0\"  class=\"panel-grid-cell\" ><div id=\"panel-6818-0-0-0\" class=\"so-panel widget widget_sow-headline panel-first-child panel-last-child\" data-index=\"0\" ><div class=\"panel-widget-style panel-widget-style-for-6818-0-0-0\" ><div\n\t\t\t\n\t\t\tclass=\"so-widget-sow-headline so-widget-sow-headline-default-6090f20097d1-6818\"\n\t\t\t\n\t\t><div class=\"sow-headline-container \">\n\t\t\t\t\t\t\t<h1 class=\"sow-headline\">\n\t\t\t\t\t\tJury professionnel de l'\u00e9dition 3\t\t\t\t\t\t<\/h1>\n\t\t\t\t\t\t\t\t\t\t\t<div class=\"decoration\">\n\t\t\t\t\t\t<div class=\"decoration-inside\"><\/div>\n\t\t\t\t\t<\/div>\n\t\t\t\t\t<\/div>\n<\/div><\/div><\/div><\/div><\/div><\/div><div id=\"pg-6818-1\"  class=\"panel-grid panel-has-style\" ><div class=\"panel-row-style panel-row-style-for-6818-1\" ><div id=\"pgc-6818-1-0\"  class=\"panel-grid-cell panel-grid-cell-empty\" ><\/div><div id=\"pgc-6818-1-1\"  class=\"panel-grid-cell panel-grid-cell-mobile-last\" ><div id=\"panel-6818-1-1-0\" class=\"so-panel widget widget_sow-editor panel-first-child panel-last-child\" data-index=\"1\" ><div class=\"panel-widget-style panel-widget-style-for-6818-1-1-0\" ><div\n\t\t\t\n\t\t\tclass=\"so-widget-sow-editor so-widget-sow-editor-base\"\n\t\t\t\n\t\t>\n<div class=\"siteorigin-widget-tinymce textwidget\">\n\t<p>On vous d\u00e9voile <a href=\"http:\/\/toutcourtfestival.fr\/index.php\/jury-2019\/\">le jury pro<\/a> du Tout Court ! \u00e9dition 3 !<\/p>\n<p><strong>Dominique Choisy<\/strong> (r\u00e9alisateur), <strong>Lucie Depauw<\/strong> (premi\u00e8re assistante \u00e0 r\u00e9alisation), <strong>Marthe Lamy<\/strong> (productrice), <strong>Joris Laquittant<\/strong> (r\u00e9alisateur et monteur) et <strong>Julia Mingo<\/strong> (directrice de la photographie) auront la lourde t\u00e2che de d\u00e9partager les 14 films des <a href=\"http:\/\/toutcourtfestival.fr\/index.php\/selections-2019\/\">deux s\u00e9lections pro<\/a> des jeunes!<\/p>\n<p><a href=\"https:\/\/i0.wp.com\/toutcourtfestival.fr\/wp-content\/uploads\/2019\/04\/julia-mingo.jpeg\"><img data-recalc-dims=\"1\" loading=\"lazy\" decoding=\"async\" class=\"alignnone size-full wp-image-6813\" src=\"https:\/\/i0.wp.com\/toutcourtfestival.fr\/wp-content\/uploads\/2019\/04\/julia-mingo.jpeg?resize=300%2C300\" alt=\"\" width=\"300\" height=\"300\" srcset=\"https:\/\/i0.wp.com\/toutcourtfestival.fr\/wp-content\/uploads\/2019\/04\/julia-mingo.jpeg?w=300&amp;ssl=1 300w, https:\/\/i0.wp.com\/toutcourtfestival.fr\/wp-content\/uploads\/2019\/04\/julia-mingo.jpeg?resize=150%2C150&amp;ssl=1 150w\" sizes=\"auto, (max-width: 300px) 100vw, 300px\" \/><\/a> <a href=\"https:\/\/i0.wp.com\/toutcourtfestival.fr\/wp-content\/uploads\/2019\/04\/IMG_9511.jpg\"><img data-recalc-dims=\"1\" loading=\"lazy\" decoding=\"async\" class=\"alignnone size-medium wp-image-6770\" src=\"https:\/\/i0.wp.com\/toutcourtfestival.fr\/wp-content\/uploads\/2019\/04\/IMG_9511-200x300.jpg?resize=200%2C300\" alt=\"\" width=\"200\" height=\"300\" srcset=\"https:\/\/i0.wp.com\/toutcourtfestival.fr\/wp-content\/uploads\/2019\/04\/IMG_9511.jpg?resize=200%2C300&amp;ssl=1 200w, https:\/\/i0.wp.com\/toutcourtfestival.fr\/wp-content\/uploads\/2019\/04\/IMG_9511.jpg?resize=768%2C1152&amp;ssl=1 768w, https:\/\/i0.wp.com\/toutcourtfestival.fr\/wp-content\/uploads\/2019\/04\/IMG_9511.jpg?resize=683%2C1024&amp;ssl=1 683w, https:\/\/i0.wp.com\/toutcourtfestival.fr\/wp-content\/uploads\/2019\/04\/IMG_9511.jpg?w=2740&amp;ssl=1 2740w\" sizes=\"auto, (max-width: 200px) 100vw, 200px\" \/><\/a> <a href=\"https:\/\/i0.wp.com\/toutcourtfestival.fr\/wp-content\/uploads\/2019\/04\/Dominique-Choisy.jpg\"><img data-recalc-dims=\"1\" loading=\"lazy\" decoding=\"async\" class=\"alignnone size-medium wp-image-6767\" src=\"https:\/\/i0.wp.com\/toutcourtfestival.fr\/wp-content\/uploads\/2019\/04\/Dominique-Choisy-228x300.jpg?resize=228%2C300\" alt=\"\" width=\"228\" height=\"300\" srcset=\"https:\/\/i0.wp.com\/toutcourtfestival.fr\/wp-content\/uploads\/2019\/04\/Dominique-Choisy.jpg?resize=228%2C300&amp;ssl=1 228w, https:\/\/i0.wp.com\/toutcourtfestival.fr\/wp-content\/uploads\/2019\/04\/Dominique-Choisy.jpg?w=533&amp;ssl=1 533w\" sizes=\"auto, (max-width: 228px) 100vw, 228px\" \/><\/a> <a href=\"https:\/\/i0.wp.com\/toutcourtfestival.fr\/wp-content\/uploads\/2019\/03\/JORIS_003.jpg\"><img data-recalc-dims=\"1\" loading=\"lazy\" decoding=\"async\" class=\"alignnone size-medium wp-image-6761\" src=\"https:\/\/i0.wp.com\/toutcourtfestival.fr\/wp-content\/uploads\/2019\/03\/JORIS_003-297x300.jpg?resize=297%2C300\" alt=\"\" width=\"297\" height=\"300\" srcset=\"https:\/\/i0.wp.com\/toutcourtfestival.fr\/wp-content\/uploads\/2019\/03\/JORIS_003.jpg?resize=297%2C300&amp;ssl=1 297w, https:\/\/i0.wp.com\/toutcourtfestival.fr\/wp-content\/uploads\/2019\/03\/JORIS_003.jpg?resize=768%2C775&amp;ssl=1 768w, https:\/\/i0.wp.com\/toutcourtfestival.fr\/wp-content\/uploads\/2019\/03\/JORIS_003.jpg?resize=1015%2C1024&amp;ssl=1 1015w, https:\/\/i0.wp.com\/toutcourtfestival.fr\/wp-content\/uploads\/2019\/03\/JORIS_003.jpg?w=2740&amp;ssl=1 2740w\" sizes=\"auto, (max-width: 297px) 100vw, 297px\" \/><\/a> <a href=\"https:\/\/i0.wp.com\/toutcourtfestival.fr\/wp-content\/uploads\/2019\/03\/Marthe-Lamy.jpg\"><img data-recalc-dims=\"1\" loading=\"lazy\" decoding=\"async\" class=\"alignnone size-medium wp-image-6691\" src=\"https:\/\/i0.wp.com\/toutcourtfestival.fr\/wp-content\/uploads\/2019\/03\/Marthe-Lamy-300x300.jpg?resize=300%2C300\" alt=\"\" width=\"300\" height=\"300\" srcset=\"https:\/\/i0.wp.com\/toutcourtfestival.fr\/wp-content\/uploads\/2019\/03\/Marthe-Lamy.jpg?resize=300%2C300&amp;ssl=1 300w, https:\/\/i0.wp.com\/toutcourtfestival.fr\/wp-content\/uploads\/2019\/03\/Marthe-Lamy.jpg?resize=150%2C150&amp;ssl=1 150w, https:\/\/i0.wp.com\/toutcourtfestival.fr\/wp-content\/uploads\/2019\/03\/Marthe-Lamy.jpg?w=455&amp;ssl=1 455w\" sizes=\"auto, (max-width: 300px) 100vw, 300px\" \/><\/a><\/p>\n<p>L'\u00e9dition aura aussi son jury lyc\u00e9en et un jury de la ville de Gisors. Enfin, le public d\u00e9cernera deux prix: prix du public et prix des Enfants du Tout Court ! Les d\u00e9tails \u00e0 voir <a href=\"http:\/\/toutcourtfestival.fr\/index.php\/jury-2019\/\">en cliquant ici<\/a>.<\/p>\n<p>&nbsp;<\/p>\n<\/div>\n<\/div><\/div><\/div><\/div><div id=\"pgc-6818-1-2\"  class=\"panel-grid-cell panel-grid-cell-empty\" ><\/div><\/div><\/div><div id=\"pg-6818-2\"  class=\"panel-grid panel-no-style\" ><div id=\"pgc-6818-2-0\"  class=\"panel-grid-cell\" ><div id=\"panel-6818-2-0-0\" class=\"so-panel widget widget_text panel-first-child panel-last-child\" data-index=\"2\" >\t\t\t<div class=\"textwidget\"><style>.entry-title {display:none;}<\/style>\n<\/div>\n\t\t<\/div><\/div><\/div><\/div>","protected":false},"excerpt":{"rendered":"<p>Jury professionnel de l&#8217;\u00e9dition 3 <\/p>\n<p>On vous d\u00e9voile <a href=\"http:\/\/toutcourtfestival.fr\/index.php\/jury-2019\/\">le jury pro<\/a> du Tout Court ! \u00e9dition 3 !<\/p>\n<p><strong>Dominique Choisy<\/strong> (r\u00e9alisateur), <strong>Lucie Depauw<\/strong> (premi\u00e8re assistante \u00e0 r\u00e9alisation), <strong>Marthe Lamy<\/strong> (productrice), <strong>Joris Laquittant<\/strong> (r\u00e9alisateur et monteur) et <strong>Julia Mingo<\/strong> (directrice de la photographie) auront la lourde t\u00e2che de d\u00e9partager les 14 films des <a href=\"http:\/\/toutcourtfestival.fr\/index.php\/selections-2019\/\">deux &hellip; <\/a><\/p>\n<p><a class=\"more-link btn\" href=\"https:\/\/toutcourtfestival.fr\/index.php\/2019\/04\/09\/jury-professionnel-de-ledition-3\/\">Continue reading<\/a><\/p>\n","protected":false},"author":1,"featured_media":6821,"comment_status":"closed","ping_status":"closed","sticky":false,"template":"","format":"standard","meta":{"ngg_post_thumbnail":0,"jetpack_post_was_ever_published":false,"_jetpack_newsletter_access":"","_jetpack_dont_email_post_to_subs":false,"_jetpack_newsletter_tier_id":0,"_jetpack_memberships_contains_paywalled_content":false,"_jetpack_memberships_contains_paid_content":false,"footnotes":"","jetpack_publicize_message":"","jetpack_publicize_feature_enabled":true,"jetpack_social_post_already_shared":true,"jetpack_social_options":{"image_generator_settings":{"template":"highway","default_image_id":0,"font":"","enabled":false},"version":2}},"categories":[4],"tags":[],"class_list":["post-6818","post","type-post","status-publish","format-standard","has-post-thumbnail","hentry","category-actualites","nodate","item-wrap"],"jetpack_publicize_connections":[],"jetpack_featured_media_url":"https:\/\/i0.wp.com\/toutcourtfestival.fr\/wp-content\/uploads\/2019\/04\/Sans-titre.jpg?fit=595%2C493&ssl=1","jetpack_sharing_enabled":true,"jetpack_shortlink":"https:\/\/wp.me\/p8k6iw-1LY","jetpack_likes_enabled":true,"_links":{"self":[{"href":"https:\/\/toutcourtfestival.fr\/index.php\/wp-json\/wp\/v2\/posts\/6818","targetHints":{"allow":["GET"]}}],"collection":[{"href":"https:\/\/toutcourtfestival.fr\/index.php\/wp-json\/wp\/v2\/posts"}],"about":[{"href":"https:\/\/toutcourtfestival.fr\/index.php\/wp-json\/wp\/v2\/types\/post"}],"author":[{"embeddable":true,"href":"https:\/\/toutcourtfestival.fr\/index.php\/wp-json\/wp\/v2\/users\/1"}],"replies":[{"embeddable":true,"href":"https:\/\/toutcourtfestival.fr\/index.php\/wp-json\/wp\/v2\/comments?post=6818"}],"version-history":[{"count":0,"href":"https:\/\/toutcourtfestival.fr\/index.php\/wp-json\/wp\/v2\/posts\/6818\/revisions"}],"wp:featuredmedia":[{"embeddable":true,"href":"https:\/\/toutcourtfestival.fr\/index.php\/wp-json\/wp\/v2\/media\/6821"}],"wp:attachment":[{"href":"https:\/\/toutcourtfestival.fr\/index.php\/wp-json\/wp\/v2\/media?parent=6818"}],"wp:term":[{"taxonomy":"category","embeddable":true,"href":"https:\/\/toutcourtfestival.fr\/index.php\/wp-json\/wp\/v2\/categories?post=6818"},{"taxonomy":"post_tag","embeddable":true,"href":"https:\/\/toutcourtfestival.fr\/index.php\/wp-json\/wp\/v2\/tags?post=6818"}],"curies":[{"name":"wp","href":"https:\/\/api.w.org\/{rel}","templated":true}]}}