{"id":7472,"date":"2019-11-17T20:19:12","date_gmt":"2019-11-17T19:19:12","guid":{"rendered":"https:\/\/toutcourtfestival.fr\/?p=7472"},"modified":"2019-11-17T21:01:39","modified_gmt":"2019-11-17T20:01:39","slug":"48h_2019","status":"publish","type":"post","link":"https:\/\/toutcourtfestival.fr\/index.php\/2019\/11\/17\/48h_2019\/","title":{"rendered":"L&#8217;aventure des 48h mill\u00e9sime 2019 !"},"content":{"rendered":"<div id=\"pl-7472\"  class=\"panel-layout\" ><div id=\"pg-7472-0\"  class=\"panel-grid panel-has-style\" ><div class=\"panel-row-style panel-row-style-for-7472-0\" ><div id=\"pgc-7472-0-0\"  class=\"panel-grid-cell\" ><div id=\"panel-7472-0-0-0\" class=\"so-panel widget widget_sow-headline panel-first-child panel-last-child\" data-index=\"0\" ><div class=\"panel-widget-style panel-widget-style-for-7472-0-0-0\" ><div\n\t\t\t\n\t\t\tclass=\"so-widget-sow-headline so-widget-sow-headline-default-6090f20097d1-7472\"\n\t\t\t\n\t\t><div class=\"sow-headline-container \">\n\t\t\t\t\t\t\t<h1 class=\"sow-headline\">\n\t\t\t\t\t\tL'aventure des 48h mill\u00e9sime 2019\t\t\t\t\t\t<\/h1>\n\t\t\t\t\t\t\t\t\t\t\t<div class=\"decoration\">\n\t\t\t\t\t\t<div class=\"decoration-inside\"><\/div>\n\t\t\t\t\t<\/div>\n\t\t\t\t\t<\/div>\n<\/div><\/div><\/div><\/div><\/div><\/div><div id=\"pg-7472-1\"  class=\"panel-grid panel-has-style\" ><div class=\"panel-row-style panel-row-style-for-7472-1\" ><div id=\"pgc-7472-1-0\"  class=\"panel-grid-cell panel-grid-cell-empty\" ><\/div><div id=\"pgc-7472-1-1\"  class=\"panel-grid-cell panel-grid-cell-mobile-last\" ><div id=\"panel-7472-1-1-0\" class=\"so-panel widget widget_sow-editor panel-first-child panel-last-child\" data-index=\"1\" ><div class=\"panel-widget-style panel-widget-style-for-7472-1-1-0\" ><div\n\t\t\t\n\t\t\tclass=\"so-widget-sow-editor so-widget-sow-editor-base\"\n\t\t\t\n\t\t>\n<div class=\"siteorigin-widget-tinymce textwidget\">\n\t<p style=\"text-align: justify;\">Notre nouveau film des 48h en plan-s\u00e9quence a connu un joli succ\u00e8s du public la semaine derni\u00e8re lors des projections \u00e0 Paris au Grand Action ! Ce n'\u00e9tait pas gagn\u00e9 entre une m\u00e9t\u00e9o catastrophique,&nbsp; pas d'aide de professionnels (une premi\u00e8re!) et une \u00e9quipe jeune et inexp\u00e9riment\u00e9e. Mais la motivation op\u00e8re des miracles !<\/p>\n<p style=\"text-align: justify;\">Voici notre film, r\u00e9alis\u00e9 enti\u00e8rement en 48h :&nbsp;<\/p>\n<p><span class=\"embed-youtube\" style=\"text-align:center; display: block;\"><iframe loading=\"lazy\" class=\"youtube-player\" width=\"1370\" height=\"771\" src=\"https:\/\/www.youtube.com\/embed\/Rj8VsfClfQY?version=3&#038;rel=1&#038;showsearch=0&#038;showinfo=1&#038;iv_load_policy=1&#038;fs=1&#038;hl=en-US&#038;autohide=2&#038;wmode=transparent\" allowfullscreen=\"true\" style=\"border:0;\" sandbox=\"allow-scripts allow-same-origin allow-popups allow-presentation allow-popups-to-escape-sandbox\"><\/iframe><\/span><\/p>\n<p style=\"text-align: justify;\">Le 48h c'est d\u00e9sormais une tradition - pour certains d'entre nous il s'agissait de la sixi\u00e8me \u00e9dition ! Pour les nouveaux chaque ann\u00e9e c'est aussi un sorte de week-end d'int\u00e9gration aux Ateliers du Tout Court ! Rien de tel pour apprendre \u00e0 se conna\u00eetre et travailler ensemble.<\/p>\n<h1 style=\"text-align: justify;\"><span style=\"color: #0000ff;\">Pr\u00e9paratifs<\/span><\/h1>\n<p style=\"text-align: justify;\">La pr\u00e9paration d'un 48h commence tr\u00e8s en amont, d\u00e8s le milieu de l'\u00e9t\u00e9. On commence \u00e0 s'organiser et on cherche des lieux de tournage potentiels, ext\u00e9rieurs et int\u00e9rieurs, ainsi que des acteurs.<\/p>\n<p style=\"text-align: justify;\">La semaine pr\u00e9c\u00e9dent le 48h on organise une s\u00e9ance d'information et sensibilisation \u00e0 la technique: les nouveaux apprennent comment s'organise un plateau de cin\u00e9ma, qui fait quoi, quels sont les \u00e9tapes pour tourner un plan... Les termes \"Silence on tourne!\", \"Moteur!\", \"Action!\" et \"Coupez!\" n'ont plus de secrets pour eux. On forme les \u00e9quipes techniques en fonction des pr\u00e9f\u00e9rences et des possibilit\u00e9s.<\/p>\n<p style=\"text-align: justify;\"><a href=\"https:\/\/i0.wp.com\/toutcourtfestival.fr\/wp-content\/uploads\/2019\/11\/MVI_5049.MOV_20191117_190955.204.jpg?ssl=1\"><img data-recalc-dims=\"1\" loading=\"lazy\" decoding=\"async\" class=\"alignnone wp-image-7506 size-large\" src=\"https:\/\/i0.wp.com\/toutcourtfestival.fr\/wp-content\/uploads\/2019\/11\/MVI_5049.MOV_20191117_190955.204.jpg?resize=1024%2C576&#038;ssl=1\" alt=\"\" width=\"1024\" height=\"576\" srcset=\"https:\/\/i0.wp.com\/toutcourtfestival.fr\/wp-content\/uploads\/2019\/11\/MVI_5049.MOV_20191117_190955.204.jpg?resize=1024%2C576&amp;ssl=1 1024w, https:\/\/i0.wp.com\/toutcourtfestival.fr\/wp-content\/uploads\/2019\/11\/MVI_5049.MOV_20191117_190955.204.jpg?resize=300%2C169&amp;ssl=1 300w, https:\/\/i0.wp.com\/toutcourtfestival.fr\/wp-content\/uploads\/2019\/11\/MVI_5049.MOV_20191117_190955.204.jpg?resize=768%2C432&amp;ssl=1 768w, https:\/\/i0.wp.com\/toutcourtfestival.fr\/wp-content\/uploads\/2019\/11\/MVI_5049.MOV_20191117_190955.204.jpg?resize=1536%2C864&amp;ssl=1 1536w, https:\/\/i0.wp.com\/toutcourtfestival.fr\/wp-content\/uploads\/2019\/11\/MVI_5049.MOV_20191117_190955.204.jpg?w=1920&amp;ssl=1 1920w\" sizes=\"auto, (max-width: 1024px) 100vw, 1024px\" \/><\/a><\/p>\n<p style=\"text-align: justify;\">Apr\u00e8s la s\u00e9ance le r\u00e9alisateur de cette ann\u00e9e nous annonce qu'il aimerait tenter un unique plan-s\u00e9quence! Un peu sceptiques au d\u00e9but, on est peu \u00e0 peu gagn\u00e9 par l'envie grisante de relever le d\u00e9fi! On se pr\u00e9pare en cons\u00e9quence: un plan-s\u00e9quence \u00e7a ne s'organise pas de la m\u00eame fa\u00e7on que pour un film classique. On loue une optique qui nous manque - un zoom pour pouvoir changer de focale pendant les prises, et on \u00e9chafaude des plans pour les d\u00e9placements des acteurs et de la cam\u00e9ra qui sera n\u00e9cessairement \u00e0 l'\u00e9paule puisque nous n'avons pas de stabilisateur.<\/p>\n<p style=\"text-align: justify;\">A l'approche du jour J on a les yeux riv\u00e9s sur la m\u00e9t\u00e9o du samedi pour le tournage. Jusqu'au dernier moment elle nous assure qu'il fera certes nuageux et frais mais sans pluie: un temps id\u00e9al qui nous laisserait choisir entre nos cinq lieux potentiels, int\u00e9rieurs et ext\u00e9rieurs.<\/p>\n<h1 style=\"text-align: justify;\"><span style=\"color: #0000ff;\">Kick-off et \u00e9criture<\/span><\/h1>\n<p style=\"text-align: justify;\"><a href=\"https:\/\/i0.wp.com\/toutcourtfestival.fr\/wp-content\/uploads\/2019\/11\/0.1.jpg?ssl=1\"><img data-recalc-dims=\"1\" loading=\"lazy\" decoding=\"async\" class=\"alignleft wp-image-7507 size-medium\" src=\"https:\/\/i0.wp.com\/toutcourtfestival.fr\/wp-content\/uploads\/2019\/11\/0.1.jpg?resize=300%2C169&#038;ssl=1\" alt=\"\" width=\"300\" height=\"169\" srcset=\"https:\/\/i0.wp.com\/toutcourtfestival.fr\/wp-content\/uploads\/2019\/11\/0.1.jpg?resize=300%2C169&amp;ssl=1 300w, https:\/\/i0.wp.com\/toutcourtfestival.fr\/wp-content\/uploads\/2019\/11\/0.1.jpg?resize=1024%2C576&amp;ssl=1 1024w, https:\/\/i0.wp.com\/toutcourtfestival.fr\/wp-content\/uploads\/2019\/11\/0.1.jpg?resize=768%2C432&amp;ssl=1 768w, https:\/\/i0.wp.com\/toutcourtfestival.fr\/wp-content\/uploads\/2019\/11\/0.1.jpg?resize=1536%2C864&amp;ssl=1 1536w, https:\/\/i0.wp.com\/toutcourtfestival.fr\/wp-content\/uploads\/2019\/11\/0.1.jpg?w=1920&amp;ssl=1 1920w\" sizes=\"auto, (max-width: 300px) 100vw, 300px\" \/><\/a><\/p>\n<p style=\"text-align: justify;\">Le 48h lui-m\u00eame commence d\u00e8s le vendredi apr\u00e8s-midi. Une petite \u00e9quipe - habituellement le r\u00e9alisateur et l'\u00e9quipe sc\u00e9nario - se rend \u00e0 Paris pour la c\u00e9r\u00e9monie d'ouverture, le \"Kick-of\". Mais la plupart des participants cette ann\u00e9e sont de jeunes coll\u00e9giens terminant trop tard leurs cours... On s'est donc organis\u00e9 autrement. Le rendez-vous a \u00e9t\u00e9 donn\u00e9 \u00e0 tout le monde \u00e0 19h au \"camp de base\" \u00e0 Montagny-en-Vexin (si\u00e8ge de Tout Court ! Oise) et seules deux personnes ont \u00e9t\u00e9 envoy\u00e9es \u00e0 Paris pour piocher le genre - on est tomb\u00e9 sur \"Film de famille\" - et r\u00e9cup\u00e9rer les \u00e9l\u00e9ments impos\u00e9s - pain au chocolat, personnage DJ et phrase \"Un peu, beaucoup, \u00e0 la folie\".&nbsp; Il nous ont t\u00e9l\u00e9phon\u00e9 les informations et on s'est imm\u00e9diatement mis au travail.<\/p>\n<p style=\"text-align: justify;\">Tr\u00e8s vite le sujet \u00e0 tourn\u00e9 autour d'une d\u00e9finition \"mafieuse\" de la famille que le r\u00e9alisateur avait envie de traiter. Mais comme nous n'avions quasiment que de tr\u00e8s jeunes acteurs, on est parti sur un parall\u00e8le avec une simple famille, des gosses jouant aux gangsters autour d'une sombre histoire de trafic de pains au chocolats - avec toutefois un final un peu plus brutal que ne le laisse supposer l'histoire! \ud83d\ude42<\/p>\n<p style=\"text-align: justify;\">Le choix du lieu s'est port\u00e9 sur le grand jardin d'une propri\u00e9t\u00e9 proche du camps de base, car il est particuli\u00e8rement grand et beau, et qu'on avait d\u00e9j\u00e0 tourn\u00e9 \u00e0 cet endroit trois ans auparavant.&nbsp;<\/p>\n<p style=\"text-align: justify;\"><a href=\"https:\/\/i0.wp.com\/toutcourtfestival.fr\/wp-content\/uploads\/2019\/11\/1.1.jpg?ssl=1\"><img data-recalc-dims=\"1\" loading=\"lazy\" decoding=\"async\" class=\"alignnone wp-image-7508 size-large\" src=\"https:\/\/i0.wp.com\/toutcourtfestival.fr\/wp-content\/uploads\/2019\/11\/1.1.jpg?resize=1024%2C576&#038;ssl=1\" alt=\"\" width=\"1024\" height=\"576\" srcset=\"https:\/\/i0.wp.com\/toutcourtfestival.fr\/wp-content\/uploads\/2019\/11\/1.1.jpg?resize=1024%2C576&amp;ssl=1 1024w, https:\/\/i0.wp.com\/toutcourtfestival.fr\/wp-content\/uploads\/2019\/11\/1.1.jpg?resize=300%2C169&amp;ssl=1 300w, https:\/\/i0.wp.com\/toutcourtfestival.fr\/wp-content\/uploads\/2019\/11\/1.1.jpg?resize=768%2C432&amp;ssl=1 768w, https:\/\/i0.wp.com\/toutcourtfestival.fr\/wp-content\/uploads\/2019\/11\/1.1.jpg?resize=1536%2C864&amp;ssl=1 1536w, https:\/\/i0.wp.com\/toutcourtfestival.fr\/wp-content\/uploads\/2019\/11\/1.1.jpg?resize=2048%2C1152&amp;ssl=1 2048w\" sizes=\"auto, (max-width: 1024px) 100vw, 1024px\" \/><\/a><\/p>\n<p style=\"text-align: justify;\">Le pla- s\u00e9quence se traite plus \u00e0 la fa\u00e7on d'une chor\u00e9graphie que d'un film classique. D\u00e8s l'\u00e9criture il faut inventer une histoire avec continuit\u00e9 de temps et de lieux, et sans temps-mort - il doit se passer quelque chose \u00e0 chaque instant.&nbsp; On doit ensuite d\u00e9finir les mouvements des acteurs mais aussi de la cam\u00e9ra, de son angle de vue, et de toute l'\u00e9quipe technique. Pour le son nous n'avions \u00e0 disposition qu'un seul micro hf - que nous avons plac\u00e9 sur l'acteur ayant le plus de dialogues - et un micro perche qui devait suivre la cam\u00e9ra pour rester proche des autres acteurs.<\/p>\n<p style=\"text-align: justify;\"><a href=\"https:\/\/i0.wp.com\/toutcourtfestival.fr\/wp-content\/uploads\/2019\/11\/20191005_021039-rotated-e1574014437361.jpg?ssl=1\"><img data-recalc-dims=\"1\" loading=\"lazy\" decoding=\"async\" class=\"size-medium wp-image-7509 alignright\" src=\"https:\/\/i0.wp.com\/toutcourtfestival.fr\/wp-content\/uploads\/2019\/11\/20191005_021039-rotated-e1574014437361-169x300.jpg?resize=169%2C300&#038;ssl=1\" alt=\"\" width=\"169\" height=\"300\" srcset=\"https:\/\/i0.wp.com\/toutcourtfestival.fr\/wp-content\/uploads\/2019\/11\/20191005_021039-rotated-e1574014437361.jpg?resize=169%2C300&amp;ssl=1 169w, https:\/\/i0.wp.com\/toutcourtfestival.fr\/wp-content\/uploads\/2019\/11\/20191005_021039-rotated-e1574014437361.jpg?resize=576%2C1024&amp;ssl=1 576w, https:\/\/i0.wp.com\/toutcourtfestival.fr\/wp-content\/uploads\/2019\/11\/20191005_021039-rotated-e1574014437361.jpg?resize=768%2C1365&amp;ssl=1 768w, https:\/\/i0.wp.com\/toutcourtfestival.fr\/wp-content\/uploads\/2019\/11\/20191005_021039-rotated-e1574014437361.jpg?resize=864%2C1536&amp;ssl=1 864w, https:\/\/i0.wp.com\/toutcourtfestival.fr\/wp-content\/uploads\/2019\/11\/20191005_021039-rotated-e1574014437361.jpg?resize=1152%2C2048&amp;ssl=1 1152w, https:\/\/i0.wp.com\/toutcourtfestival.fr\/wp-content\/uploads\/2019\/11\/20191005_021039-rotated-e1574014437361.jpg?w=1440&amp;ssl=1 1440w\" sizes=\"auto, (max-width: 169px) 100vw, 169px\" \/><\/a>Le plan que nous dressons alors sur un tableau au fil de la nuit est pour le moins... charg\u00e9! Les acteurs devront virevolter dans le jardin entre une table ext\u00e9rieure, des arbres, un puits, une vieille roulotte plac\u00e9e au milieu du jardin... Ils se partageront des r\u00e9plique bien senties - on s'est beaucoup amus\u00e9 \u00e0 les \u00e9crire sur le ton des films de gangster en glissant quelques r\u00e9f\u00e9rences au passage. La cam\u00e9ra se concentrera sur les uns ou les autres dans un mouvement savamment orchestr\u00e9. Enfin \u00e7a, c'\u00e9tait la th\u00e9orie... en pratique rien ne s'est pass\u00e9 comme pr\u00e9vu, mais on ne le savait pas encore!<\/p>\n<p style=\"text-align: justify;\">Au fil de la soir\u00e9e quelques membres de l'\u00e9quipe parmi les plus jeunes nous quittent pour prendre un peu de repos. Avec le r\u00e9alisateur, le cameraman - qui assume aussi le r\u00f4le de l'assistant-r\u00e9al pour l'occasion - et quelques survivants nous fignolons nos plans avant de les rejoindre vers 4h du matin. Une tr\u00e8s courte nuit nous attend...<\/p>\n<h1 style=\"text-align: justify;\"><span style=\"color: #0000ff;\">Tournage<\/span><\/h1>\n<p style=\"text-align: justify;\">Le lendemain, tout le monde est sur le pont d\u00e8s 8h pour la lecture sc\u00e9nario. Le temps, maussade, est \u00e0 la pluie. La m\u00e9t\u00e9o indique cependant qu'elle sera de courte dur\u00e9e. On y croit encore!<\/p>\n<p><a href=\"https:\/\/i0.wp.com\/toutcourtfestival.fr\/wp-content\/uploads\/2019\/11\/MVI_5149.MOV_20191008_013514.716.jpg?ssl=1\"><img data-recalc-dims=\"1\" loading=\"lazy\" decoding=\"async\" class=\"alignnone wp-image-7527 size-large\" src=\"https:\/\/i0.wp.com\/toutcourtfestival.fr\/wp-content\/uploads\/2019\/11\/MVI_5149.MOV_20191008_013514.716.jpg?resize=1024%2C576&#038;ssl=1\" alt=\"\" width=\"1024\" height=\"576\" srcset=\"https:\/\/i0.wp.com\/toutcourtfestival.fr\/wp-content\/uploads\/2019\/11\/MVI_5149.MOV_20191008_013514.716.jpg?resize=1024%2C576&amp;ssl=1 1024w, https:\/\/i0.wp.com\/toutcourtfestival.fr\/wp-content\/uploads\/2019\/11\/MVI_5149.MOV_20191008_013514.716.jpg?resize=300%2C169&amp;ssl=1 300w, https:\/\/i0.wp.com\/toutcourtfestival.fr\/wp-content\/uploads\/2019\/11\/MVI_5149.MOV_20191008_013514.716.jpg?resize=768%2C432&amp;ssl=1 768w, https:\/\/i0.wp.com\/toutcourtfestival.fr\/wp-content\/uploads\/2019\/11\/MVI_5149.MOV_20191008_013514.716.jpg?resize=1536%2C864&amp;ssl=1 1536w, https:\/\/i0.wp.com\/toutcourtfestival.fr\/wp-content\/uploads\/2019\/11\/MVI_5149.MOV_20191008_013514.716.jpg?w=1920&amp;ssl=1 1920w\" sizes=\"auto, (max-width: 1024px) 100vw, 1024px\" \/><\/a><\/p>\n<p style=\"text-align: justify;\"><a href=\"https:\/\/i0.wp.com\/toutcourtfestival.fr\/wp-content\/uploads\/2019\/11\/2.2.jpg?ssl=1\"><img data-recalc-dims=\"1\" loading=\"lazy\" decoding=\"async\" class=\"alignnone wp-image-7510 size-large\" src=\"https:\/\/i0.wp.com\/toutcourtfestival.fr\/wp-content\/uploads\/2019\/11\/2.2.jpg?resize=1024%2C576&#038;ssl=1\" alt=\"\" width=\"1024\" height=\"576\" srcset=\"https:\/\/i0.wp.com\/toutcourtfestival.fr\/wp-content\/uploads\/2019\/11\/2.2.jpg?resize=1024%2C576&amp;ssl=1 1024w, https:\/\/i0.wp.com\/toutcourtfestival.fr\/wp-content\/uploads\/2019\/11\/2.2.jpg?resize=300%2C169&amp;ssl=1 300w, https:\/\/i0.wp.com\/toutcourtfestival.fr\/wp-content\/uploads\/2019\/11\/2.2.jpg?resize=768%2C432&amp;ssl=1 768w, https:\/\/i0.wp.com\/toutcourtfestival.fr\/wp-content\/uploads\/2019\/11\/2.2.jpg?resize=1536%2C864&amp;ssl=1 1536w, https:\/\/i0.wp.com\/toutcourtfestival.fr\/wp-content\/uploads\/2019\/11\/2.2.jpg?w=1920&amp;ssl=1 1920w\" sizes=\"auto, (max-width: 1024px) 100vw, 1024px\" \/><\/a><\/p>\n<p style=\"text-align: justify;\">A 9h toute l'\u00e9quipe se d\u00e9place sur les lieux du tournage. On envahit le jardin ainsi que le hall de nos h\u00f4tes!&nbsp; On effectue les derniers rep\u00e9rages, on installe le mat\u00e9riel, on montre la chor\u00e9graphie aux acteurs qui commencent \u00e0 r\u00e9p\u00e9ter avec le coach (qui est aussi le producteur). Mais soudain on rentre tous se r\u00e9fugier dans la maison car \u00e7a drache s\u00e9v\u00e8re! La m\u00e9t\u00e9o promet une accalmie en fin de matin\u00e9e... Les acteurs continuent \u00e0 r\u00e9p\u00e9ter dans la cuisine, puis dans le salon. La pluie n'arr\u00eate pas, on commence \u00e0 douter...<\/p>\n<p style=\"text-align: justify;\"><a href=\"https:\/\/i0.wp.com\/toutcourtfestival.fr\/wp-content\/uploads\/2019\/11\/2.1-1-scaled.jpg?ssl=1\"><img data-recalc-dims=\"1\" loading=\"lazy\" decoding=\"async\" class=\"size-medium wp-image-7512 alignleft\" src=\"https:\/\/i0.wp.com\/toutcourtfestival.fr\/wp-content\/uploads\/2019\/11\/2.1-1.jpg?resize=300%2C169&#038;ssl=1\" alt=\"\" width=\"300\" height=\"169\" srcset=\"https:\/\/i0.wp.com\/toutcourtfestival.fr\/wp-content\/uploads\/2019\/11\/2.1-1-scaled.jpg?resize=300%2C169&amp;ssl=1 300w, https:\/\/i0.wp.com\/toutcourtfestival.fr\/wp-content\/uploads\/2019\/11\/2.1-1-scaled.jpg?resize=1024%2C575&amp;ssl=1 1024w, https:\/\/i0.wp.com\/toutcourtfestival.fr\/wp-content\/uploads\/2019\/11\/2.1-1-scaled.jpg?resize=768%2C431&amp;ssl=1 768w, https:\/\/i0.wp.com\/toutcourtfestival.fr\/wp-content\/uploads\/2019\/11\/2.1-1-scaled.jpg?resize=1536%2C863&amp;ssl=1 1536w, https:\/\/i0.wp.com\/toutcourtfestival.fr\/wp-content\/uploads\/2019\/11\/2.1-1-scaled.jpg?resize=2048%2C1150&amp;ssl=1 2048w\" sizes=\"auto, (max-width: 300px) 100vw, 300px\" \/><\/a>C'est que le temps passe: il est d\u00e9j\u00e0 11h et on n'a encore rien tourn\u00e9! \u00c7a devient un vrai probl\u00e8me. Le cam\u00e9raman\/1er assistant r\u00e9al se r\u00e9unit alors avec le r\u00e9alisateur en une cellule de crise pour d\u00e9finir un plan B pendant que le producteur\/coach n\u00e9gocie avec les propri\u00e9taires la possibilit\u00e9 de tourner en int\u00e9rieur - ce qu'ils acceptent tr\u00e8s gentiment! En une demi-heure on red\u00e9finit enti\u00e8rement le plan patiemment mis en place pendant toute la nuit, afin de se conformer aux nouveaux lieux, bien plus \u00e9troits... On r\u00e9\u00e9crit tous les dialogues pour les adapter. Certains acteurs n'ont plus qu'une ou deux r\u00e9pliques, c'est frustrant pour eux mais on n'a pas tellement le choix!<\/p>\n<p style=\"text-align: justify;\">Alors que l'\u00e9quipe technique met au point les derniers d\u00e9tails de la nouvelle chor\u00e9graphie avec le r\u00e9alisateur, le producteur\/coach fait r\u00e9p\u00e9ter les acteurs sur leurs nouvelles actions. Il est midi, on est enfin pr\u00eat \u00e0 tourner - mais on d\u00e9cide de tout laisser en plan et de d\u00e9jeuner tout de suite, afin de lancer la phase tournage d\u00e8s notre retour!<\/p>\n<p style=\"text-align: justify;\">A 13h enfin le premier clap! Et c'est la catastrophe. La perche \u00e0 bien du mal \u00e0 suivre la cam\u00e9ra, elle ne cesse de taper dans les portes et le plafond, l'\u00e9quipe technique ne sait pas ou se placer et appara\u00eet dans le champs la moiti\u00e9 du film, les acteurs s'embrouillent dans leurs textes et leurs mouvement et n'arr\u00eatent pas de regarder la cam\u00e9ra, le mat\u00e9riel se casse la gueule, tout le monde souffle \u00e0 tout le monde, on entend des gens pouffer...&nbsp;<\/p>\n<p><a href=\"https:\/\/i0.wp.com\/toutcourtfestival.fr\/wp-content\/uploads\/2019\/11\/MVI_5201.MOV_20191008_014548.999.jpg?ssl=1\"><img data-recalc-dims=\"1\" loading=\"lazy\" decoding=\"async\" class=\"alignnone wp-image-7513\" src=\"https:\/\/i0.wp.com\/toutcourtfestival.fr\/wp-content\/uploads\/2019\/11\/MVI_5201.MOV_20191008_014548.999.jpg?resize=460%2C259&#038;ssl=1\" alt=\"\" width=\"460\" height=\"259\" srcset=\"https:\/\/i0.wp.com\/toutcourtfestival.fr\/wp-content\/uploads\/2019\/11\/MVI_5201.MOV_20191008_014548.999.jpg?resize=300%2C169&amp;ssl=1 300w, https:\/\/i0.wp.com\/toutcourtfestival.fr\/wp-content\/uploads\/2019\/11\/MVI_5201.MOV_20191008_014548.999.jpg?resize=1024%2C576&amp;ssl=1 1024w, https:\/\/i0.wp.com\/toutcourtfestival.fr\/wp-content\/uploads\/2019\/11\/MVI_5201.MOV_20191008_014548.999.jpg?resize=768%2C432&amp;ssl=1 768w, https:\/\/i0.wp.com\/toutcourtfestival.fr\/wp-content\/uploads\/2019\/11\/MVI_5201.MOV_20191008_014548.999.jpg?resize=1536%2C864&amp;ssl=1 1536w, https:\/\/i0.wp.com\/toutcourtfestival.fr\/wp-content\/uploads\/2019\/11\/MVI_5201.MOV_20191008_014548.999.jpg?w=1920&amp;ssl=1 1920w\" sizes=\"auto, (max-width: 460px) 100vw, 460px\" \/><\/a> <a href=\"https:\/\/i0.wp.com\/toutcourtfestival.fr\/wp-content\/uploads\/2019\/11\/2.94.jpg?ssl=1\"><img data-recalc-dims=\"1\" loading=\"lazy\" decoding=\"async\" class=\"alignnone wp-image-7517\" src=\"https:\/\/i0.wp.com\/toutcourtfestival.fr\/wp-content\/uploads\/2019\/11\/2.94.jpg?resize=460%2C259&#038;ssl=1\" alt=\"\" width=\"460\" height=\"259\" srcset=\"https:\/\/i0.wp.com\/toutcourtfestival.fr\/wp-content\/uploads\/2019\/11\/2.94.jpg?resize=300%2C169&amp;ssl=1 300w, https:\/\/i0.wp.com\/toutcourtfestival.fr\/wp-content\/uploads\/2019\/11\/2.94.jpg?resize=1024%2C576&amp;ssl=1 1024w, https:\/\/i0.wp.com\/toutcourtfestival.fr\/wp-content\/uploads\/2019\/11\/2.94.jpg?resize=768%2C432&amp;ssl=1 768w, https:\/\/i0.wp.com\/toutcourtfestival.fr\/wp-content\/uploads\/2019\/11\/2.94.jpg?resize=1536%2C864&amp;ssl=1 1536w, https:\/\/i0.wp.com\/toutcourtfestival.fr\/wp-content\/uploads\/2019\/11\/2.94.jpg?w=1920&amp;ssl=1 1920w\" sizes=\"auto, (max-width: 460px) 100vw, 460px\" \/><\/a><\/p>\n<p style=\"text-align: justify;\">Mais on s'y attendait! Lorsqu'on film un plan-s\u00e9quence, la premi\u00e8re prise est plus une r\u00e9p\u00e9tition g\u00e9n\u00e9rale qu'autre chose. On se doute bien qu'on va passer l'apr\u00e8s-midi \u00e0 faire prises et des prises jusqu'\u00e0 parvenir \u00e0 un r\u00e9sultat satisfaisant! On croit souvent, \u00e0 tord, qu'il est rapide de tourner un plan s\u00e9quence: mais c'est faux, c'est tout aussi long, simplement les longueurs ne sont pas aux m\u00eames endroits que sur un tournage classique.<\/p>\n<p><a href=\"https:\/\/i0.wp.com\/toutcourtfestival.fr\/wp-content\/uploads\/2019\/11\/2.8.jpg?ssl=1\"><img data-recalc-dims=\"1\" loading=\"lazy\" decoding=\"async\" class=\"wp-image-7518 size-large\" src=\"https:\/\/i0.wp.com\/toutcourtfestival.fr\/wp-content\/uploads\/2019\/11\/2.8.jpg?resize=1024%2C576&#038;ssl=1\" alt=\"\" width=\"1024\" height=\"576\" srcset=\"https:\/\/i0.wp.com\/toutcourtfestival.fr\/wp-content\/uploads\/2019\/11\/2.8.jpg?resize=1024%2C576&amp;ssl=1 1024w, https:\/\/i0.wp.com\/toutcourtfestival.fr\/wp-content\/uploads\/2019\/11\/2.8.jpg?resize=300%2C169&amp;ssl=1 300w, https:\/\/i0.wp.com\/toutcourtfestival.fr\/wp-content\/uploads\/2019\/11\/2.8.jpg?resize=768%2C432&amp;ssl=1 768w, https:\/\/i0.wp.com\/toutcourtfestival.fr\/wp-content\/uploads\/2019\/11\/2.8.jpg?resize=1536%2C864&amp;ssl=1 1536w, https:\/\/i0.wp.com\/toutcourtfestival.fr\/wp-content\/uploads\/2019\/11\/2.8.jpg?w=1920&amp;ssl=1 1920w\" sizes=\"auto, (max-width: 1024px) 100vw, 1024px\" \/><\/a><\/p>\n<p style=\"text-align: justify;\">On se bouscule pour voir la cata sur l'ordinateur. Entre deux tranches de rigolade on note soigneusement tout ce qui ne va pas. On r\u00e9vise les plans, on s'accorde avec les diff\u00e9rentes \u00e9quipes, on r\u00e9p\u00e8te \u00e0 nouveau certains passages avec les acteurs...&nbsp; Puis on lance la deuxi\u00e8me prise et on recommence!<\/p>\n<p style=\"text-align: justify;\">En tout, on aura tourn\u00e9 17 prises avant d'\u00eatre satisfait!<\/p>\n<p style=\"text-align: justify;\"><a href=\"https:\/\/i0.wp.com\/toutcourtfestival.fr\/wp-content\/uploads\/2019\/11\/2.93.jpg?ssl=1\"><img data-recalc-dims=\"1\" loading=\"lazy\" decoding=\"async\" class=\"alignnone wp-image-7515\" src=\"https:\/\/i0.wp.com\/toutcourtfestival.fr\/wp-content\/uploads\/2019\/11\/2.93.jpg?resize=460%2C259&#038;ssl=1\" alt=\"\" width=\"460\" height=\"259\" srcset=\"https:\/\/i0.wp.com\/toutcourtfestival.fr\/wp-content\/uploads\/2019\/11\/2.93.jpg?resize=300%2C169&amp;ssl=1 300w, https:\/\/i0.wp.com\/toutcourtfestival.fr\/wp-content\/uploads\/2019\/11\/2.93.jpg?resize=1024%2C576&amp;ssl=1 1024w, https:\/\/i0.wp.com\/toutcourtfestival.fr\/wp-content\/uploads\/2019\/11\/2.93.jpg?resize=768%2C432&amp;ssl=1 768w, https:\/\/i0.wp.com\/toutcourtfestival.fr\/wp-content\/uploads\/2019\/11\/2.93.jpg?resize=1536%2C864&amp;ssl=1 1536w, https:\/\/i0.wp.com\/toutcourtfestival.fr\/wp-content\/uploads\/2019\/11\/2.93.jpg?w=1920&amp;ssl=1 1920w\" sizes=\"auto, (max-width: 460px) 100vw, 460px\" \/> <\/a><a style=\"font-weight: bold; background-color: #bfe6ff;\" href=\"https:\/\/i0.wp.com\/toutcourtfestival.fr\/wp-content\/uploads\/2019\/11\/2.5.jpg?ssl=1\"><img data-recalc-dims=\"1\" loading=\"lazy\" decoding=\"async\" class=\"alignnone wp-image-7519\" src=\"https:\/\/i0.wp.com\/toutcourtfestival.fr\/wp-content\/uploads\/2019\/11\/2.5.jpg?resize=460%2C259&#038;ssl=1\" alt=\"\" width=\"460\" height=\"259\" srcset=\"https:\/\/i0.wp.com\/toutcourtfestival.fr\/wp-content\/uploads\/2019\/11\/2.5.jpg?resize=300%2C169&amp;ssl=1 300w, https:\/\/i0.wp.com\/toutcourtfestival.fr\/wp-content\/uploads\/2019\/11\/2.5.jpg?resize=1024%2C576&amp;ssl=1 1024w, https:\/\/i0.wp.com\/toutcourtfestival.fr\/wp-content\/uploads\/2019\/11\/2.5.jpg?resize=768%2C432&amp;ssl=1 768w, https:\/\/i0.wp.com\/toutcourtfestival.fr\/wp-content\/uploads\/2019\/11\/2.5.jpg?resize=1536%2C864&amp;ssl=1 1536w, https:\/\/i0.wp.com\/toutcourtfestival.fr\/wp-content\/uploads\/2019\/11\/2.5.jpg?w=1920&amp;ssl=1 1920w\" sizes=\"auto, (max-width: 460px) 100vw, 460px\" \/><\/a><\/p>\n<p style=\"text-align: justify;\">&nbsp;<\/p>\n<p style=\"text-align: justify;\"><a href=\"https:\/\/i0.wp.com\/toutcourtfestival.fr\/wp-content\/uploads\/2019\/11\/2.92.jpg?ssl=1\"><img data-recalc-dims=\"1\" loading=\"lazy\" decoding=\"async\" class=\"alignnone wp-image-7516 size-large\" src=\"https:\/\/i0.wp.com\/toutcourtfestival.fr\/wp-content\/uploads\/2019\/11\/2.92.jpg?resize=1024%2C576&#038;ssl=1\" alt=\"\" width=\"1024\" height=\"576\" srcset=\"https:\/\/i0.wp.com\/toutcourtfestival.fr\/wp-content\/uploads\/2019\/11\/2.92.jpg?resize=1024%2C576&amp;ssl=1 1024w, https:\/\/i0.wp.com\/toutcourtfestival.fr\/wp-content\/uploads\/2019\/11\/2.92.jpg?resize=300%2C169&amp;ssl=1 300w, https:\/\/i0.wp.com\/toutcourtfestival.fr\/wp-content\/uploads\/2019\/11\/2.92.jpg?resize=768%2C432&amp;ssl=1 768w, https:\/\/i0.wp.com\/toutcourtfestival.fr\/wp-content\/uploads\/2019\/11\/2.92.jpg?resize=1536%2C864&amp;ssl=1 1536w, https:\/\/i0.wp.com\/toutcourtfestival.fr\/wp-content\/uploads\/2019\/11\/2.92.jpg?w=1920&amp;ssl=1 1920w\" sizes=\"auto, (max-width: 1024px) 100vw, 1024px\" \/><\/a><\/p>\n<p style=\"text-align: justify;\">Sur les derniers plans quelques d\u00e9fauts subsistent: un ou deux choc du micro contre les murs au passage des portes, cacophonie de bruits de pas de toute l'\u00e9quipe sur le parquet - bien qu'on ai tous retir\u00e9 nos chaussures, quelques regards cam\u00e9ras des jeunes acteurs inexp\u00e9riment\u00e9s... Mais on d\u00e9cide que ce sera bien suffisant pour cette premi\u00e8re fois car de toute fa\u00e7on la nuit tombe, l'heure limite \u00e0 laquelle on avait promis de lib\u00e9rer les lieux est d\u00e9pass\u00e9, on n'a plus tellement la possibilit\u00e9 de continuer !<\/p>\n<h1 style=\"text-align: justify;\"><span style=\"color: #0000ff;\">Post-production<\/span><\/h1>\n<p style=\"text-align: justify;\">Retour au camp de base vers 19h30 o\u00f9 nous attend un repas chaud bienvenu, gentiment offert par la Boucherie du Centre \u00e0 Gisors. On se d\u00e9tend, on rigole des plans rat\u00e9s, on se promet de monter un b\u00eatisier! Et puis on passe au d\u00e9rushage: on regarde tous les plans et on note ce qui va bien, ou moins bien...<\/p>\n<p style=\"text-align: justify;\">On pourrait croire que pour un plan-s\u00e9quence il n'y a pas de post-production mais c'est faux. D\u00e9j\u00e0, on peut \"tricher\" un peu \u00e0 certains endroits: quand la cam\u00e9ra passe derri\u00e8re un pilier, ou lorsqu'elle fait un panoramique tr\u00e8s rapide (un \"fil\u00e9\") il est possible de glisser des cuts discrets pour prendre la meilleurs prises \u00e0 chaque segment - qui n'est pas toujours la derni\u00e8re. Mais \u00e7a demande de bien fignoler les raccords pour que \u00e7a ne se voit pas, \u00e7a prend pas mal de temps et requiers un peu d'astuce sur le banc de montage. Ensuite il y a l'image \u00e0 soigner (\u00e9talonnage, recadrages par moment...) et surtout un gros travail de mixage et nettoyage du son d'autant qu'on a plusieurs sources (perche et micro-cravate). C'est l\u00e0 qu'on manque de l'aide d'un vrai pro comme les ann\u00e9es pass\u00e9!&nbsp;<\/p>\n<p><a href=\"https:\/\/i0.wp.com\/toutcourtfestival.fr\/wp-content\/uploads\/2019\/11\/3.1-scaled.jpg?ssl=1\"><img data-recalc-dims=\"1\" loading=\"lazy\" decoding=\"async\" class=\"alignnone wp-image-7521\" src=\"https:\/\/i0.wp.com\/toutcourtfestival.fr\/wp-content\/uploads\/2019\/11\/3.1.jpg?resize=460%2C258&#038;ssl=1\" alt=\"\" width=\"460\" height=\"258\" srcset=\"https:\/\/i0.wp.com\/toutcourtfestival.fr\/wp-content\/uploads\/2019\/11\/3.1-scaled.jpg?resize=300%2C169&amp;ssl=1 300w, https:\/\/i0.wp.com\/toutcourtfestival.fr\/wp-content\/uploads\/2019\/11\/3.1-scaled.jpg?resize=1024%2C575&amp;ssl=1 1024w, https:\/\/i0.wp.com\/toutcourtfestival.fr\/wp-content\/uploads\/2019\/11\/3.1-scaled.jpg?resize=768%2C431&amp;ssl=1 768w, https:\/\/i0.wp.com\/toutcourtfestival.fr\/wp-content\/uploads\/2019\/11\/3.1-scaled.jpg?resize=1536%2C863&amp;ssl=1 1536w, https:\/\/i0.wp.com\/toutcourtfestival.fr\/wp-content\/uploads\/2019\/11\/3.1-scaled.jpg?resize=2048%2C1150&amp;ssl=1 2048w\" sizes=\"auto, (max-width: 460px) 100vw, 460px\" \/><\/a> <a href=\"https:\/\/i0.wp.com\/toutcourtfestival.fr\/wp-content\/uploads\/2019\/11\/3.2.jpg?ssl=1\"><img data-recalc-dims=\"1\" loading=\"lazy\" decoding=\"async\" class=\"alignnone wp-image-7522\" src=\"https:\/\/i0.wp.com\/toutcourtfestival.fr\/wp-content\/uploads\/2019\/11\/3.2.jpg?resize=460%2C259&#038;ssl=1\" alt=\"\" width=\"460\" height=\"259\" srcset=\"https:\/\/i0.wp.com\/toutcourtfestival.fr\/wp-content\/uploads\/2019\/11\/3.2.jpg?resize=300%2C169&amp;ssl=1 300w, https:\/\/i0.wp.com\/toutcourtfestival.fr\/wp-content\/uploads\/2019\/11\/3.2.jpg?resize=1024%2C576&amp;ssl=1 1024w, https:\/\/i0.wp.com\/toutcourtfestival.fr\/wp-content\/uploads\/2019\/11\/3.2.jpg?resize=768%2C432&amp;ssl=1 768w, https:\/\/i0.wp.com\/toutcourtfestival.fr\/wp-content\/uploads\/2019\/11\/3.2.jpg?resize=1536%2C864&amp;ssl=1 1536w, https:\/\/i0.wp.com\/toutcourtfestival.fr\/wp-content\/uploads\/2019\/11\/3.2.jpg?resize=2048%2C1152&amp;ssl=1 2048w\" sizes=\"auto, (max-width: 460px) 100vw, 460px\" \/><\/a><\/p>\n<p style=\"text-align: justify;\">Cel\u00e0 \u00e9tant dit, le travail global reste quand m\u00eame un peu moins long \u00e0 r\u00e9aliser que sur un film classique. Ce qui nous permet pour la premi\u00e8re fois depuis le d\u00e9but des 48h de tous nous accorder quelques heures de sommeil dans la nuit du samedi au dimanche!<\/p>\n<p style=\"text-align: justify;\">Le lendemain on fignole le son et surtout on compose la musique. Pour la premi\u00e8re fois depuis 6 ans notre compositeur habituel n'\u00e9tait pas dispo ce jour l\u00e0 mais par chance un des participants, p\u00e8re d'un des acteurs, fait un peu de musique \u00e0 ses heures perdues sur ordinateur. Il nous compose donc un petit th\u00e8me musical bien dans le ton du film et nous travaillons tous avec lui les dur\u00e9es, rythme, intensit\u00e9s...&nbsp;<\/p>\n<p style=\"text-align: justify;\">Enfin, toute derni\u00e8re \u00e9tape: on colle les musiques sur film. Apr\u00e8s quelques aller\/retour c'est termin\u00e9, notre film est fait! En voiture pour Paris et le drop-of!<\/p>\n<h1 style=\"text-align: justify;\"><span style=\"color: #0000ff;\">Drop-off et projections<\/span><\/h1>\n<p style=\"text-align: justify;\">Cette ann\u00e9e on est nombreux \u00e0 faire le trajet dans deux voitures - pour compenser d'avoir rat\u00e9 le kick-off. La circulation est bonne, on arrive largement en avance - en fait juste au moment de l'ouverture du bureau soit 18h, ce qui fait de nous les premiers \u00e0 rendre notre film!<\/p>\n<p><a href=\"https:\/\/i0.wp.com\/toutcourtfestival.fr\/wp-content\/uploads\/2019\/11\/4.4.jpg?ssl=1\"><img data-recalc-dims=\"1\" loading=\"lazy\" decoding=\"async\" class=\"alignnone wp-image-7523\" src=\"https:\/\/i0.wp.com\/toutcourtfestival.fr\/wp-content\/uploads\/2019\/11\/4.4.jpg?resize=460%2C307&#038;ssl=1\" alt=\"\" width=\"460\" height=\"307\" srcset=\"https:\/\/i0.wp.com\/toutcourtfestival.fr\/wp-content\/uploads\/2019\/11\/4.4.jpg?resize=300%2C200&amp;ssl=1 300w, https:\/\/i0.wp.com\/toutcourtfestival.fr\/wp-content\/uploads\/2019\/11\/4.4.jpg?resize=1024%2C683&amp;ssl=1 1024w, https:\/\/i0.wp.com\/toutcourtfestival.fr\/wp-content\/uploads\/2019\/11\/4.4.jpg?resize=768%2C512&amp;ssl=1 768w, https:\/\/i0.wp.com\/toutcourtfestival.fr\/wp-content\/uploads\/2019\/11\/4.4.jpg?resize=272%2C182&amp;ssl=1 272w, https:\/\/i0.wp.com\/toutcourtfestival.fr\/wp-content\/uploads\/2019\/11\/4.4.jpg?w=1200&amp;ssl=1 1200w\" sizes=\"auto, (max-width: 460px) 100vw, 460px\" \/> <\/a><a href=\"https:\/\/i0.wp.com\/toutcourtfestival.fr\/wp-content\/uploads\/2019\/11\/4.2.jpg?ssl=1\"><img data-recalc-dims=\"1\" loading=\"lazy\" decoding=\"async\" class=\"alignnone wp-image-7525\" src=\"https:\/\/i0.wp.com\/toutcourtfestival.fr\/wp-content\/uploads\/2019\/11\/4.2.jpg?resize=460%2C307&#038;ssl=1\" alt=\"\" width=\"460\" height=\"307\" srcset=\"https:\/\/i0.wp.com\/toutcourtfestival.fr\/wp-content\/uploads\/2019\/11\/4.2.jpg?resize=300%2C200&amp;ssl=1 300w, https:\/\/i0.wp.com\/toutcourtfestival.fr\/wp-content\/uploads\/2019\/11\/4.2.jpg?resize=1024%2C683&amp;ssl=1 1024w, https:\/\/i0.wp.com\/toutcourtfestival.fr\/wp-content\/uploads\/2019\/11\/4.2.jpg?resize=768%2C512&amp;ssl=1 768w, https:\/\/i0.wp.com\/toutcourtfestival.fr\/wp-content\/uploads\/2019\/11\/4.2.jpg?resize=272%2C182&amp;ssl=1 272w, https:\/\/i0.wp.com\/toutcourtfestival.fr\/wp-content\/uploads\/2019\/11\/4.2.jpg?w=1200&amp;ssl=1 1200w\" sizes=\"auto, (max-width: 460px) 100vw, 460px\" \/><\/a><\/p>\n<p style=\"text-align: justify;\">Comme chaque ann\u00e9e on va boire un verre \u00e0 c\u00f4t\u00e9 en attendant le d\u00e9compte final qu'on ne veut pas rater: c'est un moment intense du 48h.<\/p>\n<p><span class=\"embed-youtube\" style=\"text-align:center; display: block;\"><iframe loading=\"lazy\" class=\"youtube-player\" width=\"1370\" height=\"771\" src=\"https:\/\/www.youtube.com\/embed\/fIuoA58oZb4?version=3&#038;rel=1&#038;showsearch=0&#038;showinfo=1&#038;iv_load_policy=1&#038;fs=1&#038;hl=en-US&#038;autohide=2&#038;wmode=transparent\" allowfullscreen=\"true\" style=\"border:0;\" sandbox=\"allow-scripts allow-same-origin allow-popups allow-presentation allow-popups-to-escape-sandbox\"><\/iframe><\/span><\/p>\n<p style=\"text-align: justify;\">Et puis on rentre et c'est la fin d'une belle aventure!&nbsp;<\/p>\n<p style=\"text-align: justify;\">Enfin pas tout \u00e0 fait puisque environs un mois apr\u00e8s nous avons tous rendez-vous \u00e0 Paris pour les projections dans la mythique salle Langlois du cin\u00e9ma Grand-Action au quartier latin. On est nombreux au rendez-vous avec les jeunes et toutes leurs familles!&nbsp; Sympathique s\u00e9ance avec des films souvent amateurs \u00e0 petit budget compens\u00e9 par de l'inventivit\u00e9, de l'humour et des prises de risques qui paient - tout comme nous! Nous sommes d'ailleurs chaudement applaudis \u00e0 la fin, et \u00e0 la sortie d'autres \u00e9quipes viennent nous f\u00e9liciter et bavarder un peu avec nous.<\/p>\n<p style=\"text-align: justify;\">On termine l'aventure autour d'un bon verre (chaud vu la temp\u00e9rature!) o\u00f9 on refait le monde et on parle des projets \u00e0 venir pour le Tout Court !&nbsp;<\/p>\n<p><a href=\"https:\/\/i0.wp.com\/toutcourtfestival.fr\/wp-content\/uploads\/2019\/11\/MVI_5230.MOV_20191008_015215.631-1.jpg?ssl=1\"><img data-recalc-dims=\"1\" loading=\"lazy\" decoding=\"async\" class=\"alignnone size-large wp-image-7582\" src=\"https:\/\/i0.wp.com\/toutcourtfestival.fr\/wp-content\/uploads\/2019\/11\/MVI_5230.MOV_20191008_015215.631-1.jpg?resize=1024%2C526&#038;ssl=1\" alt=\"\" width=\"1024\" height=\"526\" srcset=\"https:\/\/i0.wp.com\/toutcourtfestival.fr\/wp-content\/uploads\/2019\/11\/MVI_5230.MOV_20191008_015215.631-1.jpg?resize=1024%2C526&amp;ssl=1 1024w, https:\/\/i0.wp.com\/toutcourtfestival.fr\/wp-content\/uploads\/2019\/11\/MVI_5230.MOV_20191008_015215.631-1.jpg?resize=300%2C154&amp;ssl=1 300w, https:\/\/i0.wp.com\/toutcourtfestival.fr\/wp-content\/uploads\/2019\/11\/MVI_5230.MOV_20191008_015215.631-1.jpg?resize=768%2C395&amp;ssl=1 768w, https:\/\/i0.wp.com\/toutcourtfestival.fr\/wp-content\/uploads\/2019\/11\/MVI_5230.MOV_20191008_015215.631-1.jpg?resize=1536%2C790&amp;ssl=1 1536w, https:\/\/i0.wp.com\/toutcourtfestival.fr\/wp-content\/uploads\/2019\/11\/MVI_5230.MOV_20191008_015215.631-1.jpg?w=1848&amp;ssl=1 1848w\" sizes=\"auto, (max-width: 1024px) 100vw, 1024px\" \/><\/a><\/p>\n<p style=\"text-align: justify;\">&nbsp;<\/p>\n<p style=\"text-align: justify;\">&nbsp;<\/p>\n<p style=\"text-align: justify;\">&nbsp;<\/p>\n<p style=\"text-align: justify;\">&nbsp;<\/p>\n<p style=\"text-align: justify;\">&nbsp;<\/p>\n<p style=\"text-align: justify;\">&nbsp;<\/p>\n<p style=\"text-align: justify;\">&nbsp;<\/p>\n<p style=\"text-align: justify;\">&nbsp;<\/p>\n<p style=\"text-align: justify;\">&nbsp;<\/p>\n<\/div>\n<\/div><\/div><\/div><\/div><div id=\"pgc-7472-1-2\"  class=\"panel-grid-cell panel-grid-cell-empty\" ><\/div><\/div><\/div><div id=\"pg-7472-2\"  class=\"panel-grid panel-no-style\" ><div id=\"pgc-7472-2-0\"  class=\"panel-grid-cell\" ><div id=\"panel-7472-2-0-0\" class=\"so-panel widget widget_text panel-first-child panel-last-child\" data-index=\"2\" >\t\t\t<div class=\"textwidget\"><style>.entry-title {display:none;}<\/style> <\/div>\n\t\t<\/div><\/div><\/div><\/div>","protected":false},"excerpt":{"rendered":"<p>L&#8217;aventure des 48h mill\u00e9sime 2019 <\/p>\n<p style=\"text-align: justify;\">Notre nouveau film des 48h en plan-s\u00e9quence a connu un joli succ\u00e8s du public la semaine derni\u00e8re lors des projections \u00e0 Paris au Grand Action ! Ce n&#8217;\u00e9tait pas gagn\u00e9 entre une m\u00e9t\u00e9o catastrophique,&nbsp; pas d&#8217;aide de professionnels (une premi\u00e8re!) et une \u00e9quipe jeune et inexp\u00e9riment\u00e9e. Mais la &hellip; <\/p>\n<p><a class=\"more-link btn\" href=\"https:\/\/toutcourtfestival.fr\/index.php\/2019\/11\/17\/48h_2019\/\">Continue reading<\/a><\/p>\n","protected":false},"author":1,"featured_media":7516,"comment_status":"closed","ping_status":"closed","sticky":false,"template":"","format":"standard","meta":{"ngg_post_thumbnail":0,"jetpack_post_was_ever_published":false,"_jetpack_newsletter_access":"","_jetpack_dont_email_post_to_subs":false,"_jetpack_newsletter_tier_id":0,"_jetpack_memberships_contains_paywalled_content":false,"_jetpack_memberships_contains_paid_content":false,"footnotes":"","jetpack_publicize_message":"","jetpack_publicize_feature_enabled":true,"jetpack_social_post_already_shared":true,"jetpack_social_options":{"image_generator_settings":{"template":"highway","default_image_id":0,"font":"","enabled":false},"version":2}},"categories":[4],"tags":[],"class_list":["post-7472","post","type-post","status-publish","format-standard","has-post-thumbnail","hentry","category-actualites","nodate","item-wrap"],"jetpack_publicize_connections":[],"jetpack_featured_media_url":"https:\/\/i0.wp.com\/toutcourtfestival.fr\/wp-content\/uploads\/2019\/11\/2.92.jpg?fit=1920%2C1080&ssl=1","jetpack_sharing_enabled":true,"jetpack_shortlink":"https:\/\/wp.me\/s8k6iw-48h_2019","jetpack_likes_enabled":true,"_links":{"self":[{"href":"https:\/\/toutcourtfestival.fr\/index.php\/wp-json\/wp\/v2\/posts\/7472","targetHints":{"allow":["GET"]}}],"collection":[{"href":"https:\/\/toutcourtfestival.fr\/index.php\/wp-json\/wp\/v2\/posts"}],"about":[{"href":"https:\/\/toutcourtfestival.fr\/index.php\/wp-json\/wp\/v2\/types\/post"}],"author":[{"embeddable":true,"href":"https:\/\/toutcourtfestival.fr\/index.php\/wp-json\/wp\/v2\/users\/1"}],"replies":[{"embeddable":true,"href":"https:\/\/toutcourtfestival.fr\/index.php\/wp-json\/wp\/v2\/comments?post=7472"}],"version-history":[{"count":0,"href":"https:\/\/toutcourtfestival.fr\/index.php\/wp-json\/wp\/v2\/posts\/7472\/revisions"}],"wp:featuredmedia":[{"embeddable":true,"href":"https:\/\/toutcourtfestival.fr\/index.php\/wp-json\/wp\/v2\/media\/7516"}],"wp:attachment":[{"href":"https:\/\/toutcourtfestival.fr\/index.php\/wp-json\/wp\/v2\/media?parent=7472"}],"wp:term":[{"taxonomy":"category","embeddable":true,"href":"https:\/\/toutcourtfestival.fr\/index.php\/wp-json\/wp\/v2\/categories?post=7472"},{"taxonomy":"post_tag","embeddable":true,"href":"https:\/\/toutcourtfestival.fr\/index.php\/wp-json\/wp\/v2\/tags?post=7472"}],"curies":[{"name":"wp","href":"https:\/\/api.w.org\/{rel}","templated":true}]}}