{"id":8249,"date":"2020-09-05T00:10:31","date_gmt":"2020-09-04T22:10:31","guid":{"rendered":"https:\/\/toutcourtfestival.fr\/?p=8249"},"modified":"2020-09-05T00:14:30","modified_gmt":"2020-09-04T22:14:30","slug":"cest-la-rentree-2020-2021","status":"publish","type":"post","link":"https:\/\/toutcourtfestival.fr\/index.php\/2020\/09\/05\/cest-la-rentree-2020-2021\/","title":{"rendered":"C&#8217;est la rentr\u00e9e 2020-2021 !"},"content":{"rendered":"<p style=\"text-align: justify;\">Et c&#8217;est reparti pour une nouvelle ann\u00e9e! Qu&#8217;on esp\u00e8re meilleurs que la pr\u00e9c\u00e9dente \ud83d\ude00<\/p>\n<div class=\"kvgmc6g5 cxmmr5t8 oygrvhab hcukyx3x c1et5uql ii04i59q\" style=\"text-align: justify;\">\n<div dir=\"auto\">=&gt; Retrouvez-nous samedi 05 septembre au Forum des Associations de Gisors (stade Maurice Tassus avenue Victor Hugo) et dimanche 06 \u00e0 la brocante de Montjavoult.<\/div>\n<\/div>\n<div class=\"o9v6fnle cxmmr5t8 oygrvhab hcukyx3x c1et5uql ii04i59q\" style=\"text-align: justify;\">\n<div dir=\"auto\">&nbsp;<\/div>\n<div dir=\"auto\">N&#8217;h\u00e9sitez pas \u00e0 venir discuter avec nous et vous inscrire \u00e0 nos activit\u00e9s! Ci-joint les plaquettes de l&#8217;ann\u00e9e. Vous pouvez aussi vous <a style=\"background-color: #ffffff;\" href=\"https:\/\/toutcourtfestival.fr\/index.php\/inscriptions-et-adhesions\/\">inscrire en ligne<\/a>. Nous devrions commencer les s\u00e9ances d\u00e8s le samedi 12\/09, \u00e0 confirmer, sinon ce sera le 19.<\/div>\n<\/div>\n<div dir=\"auto\" style=\"text-align: justify;\">&nbsp;<\/div>\n<div dir=\"auto\" style=\"text-align: justify;\">=&gt; Une nouveaut\u00e9 cette ann\u00e9e &#8211; en plus de nos activit\u00e9s habituelle: un nouvel atelier d&#8217;\u00e9criture sc\u00e9nario sur Gisors : le <strong>Sc\u00e9nario Lab<\/strong> !<\/div>\n<div dir=\"auto\" style=\"text-align: justify;\">&nbsp;<\/div>\n<div dir=\"auto\" style=\"text-align: justify;\">\n<div class=\"o9v6fnle cxmmr5t8 oygrvhab hcukyx3x c1et5uql ii04i59q\">\n<div dir=\"auto\">Il est ouvert aux adultes (+ de 16 ans) ayant un projet de film en cours d&#8217;\u00e9criture, quel que soit son \u00e9tat d&#8217;avancement. L&#8217;atelier prendra la forme d&#8217;un accompagnement \u00e0 l&#8217;\u00e9criture jusqu&#8217;\u00e0 l&#8217;\u00e9tape du dossier artistique, et d&#8217;\u00e9changes entre participants. Il sera anim\u00e9 par le sc\u00e9nariste et r\u00e9alisateur Dominique Choisy.&nbsp;<\/div>\n<\/div>\n<div dir=\"auto\">&nbsp;<\/div>\n<div dir=\"auto\"><a href=\"https:\/\/i0.wp.com\/toutcourtfestival.fr\/wp-content\/uploads\/2020\/09\/Scenario-Lab.png?ssl=1\"><img data-recalc-dims=\"1\" loading=\"lazy\" decoding=\"async\" class=\"alignnone wp-image-8251\" src=\"https:\/\/i0.wp.com\/toutcourtfestival.fr\/wp-content\/uploads\/2020\/09\/Scenario-Lab.png?resize=751%2C1057&#038;ssl=1\" alt=\"\" width=\"751\" height=\"1057\" srcset=\"https:\/\/i0.wp.com\/toutcourtfestival.fr\/wp-content\/uploads\/2020\/09\/Scenario-Lab.png?resize=727%2C1024&amp;ssl=1 727w, https:\/\/i0.wp.com\/toutcourtfestival.fr\/wp-content\/uploads\/2020\/09\/Scenario-Lab.png?resize=213%2C300&amp;ssl=1 213w, https:\/\/i0.wp.com\/toutcourtfestival.fr\/wp-content\/uploads\/2020\/09\/Scenario-Lab.png?resize=768%2C1081&amp;ssl=1 768w, https:\/\/i0.wp.com\/toutcourtfestival.fr\/wp-content\/uploads\/2020\/09\/Scenario-Lab.png?resize=1091%2C1536&amp;ssl=1 1091w, https:\/\/i0.wp.com\/toutcourtfestival.fr\/wp-content\/uploads\/2020\/09\/Scenario-Lab.png?resize=1454%2C2048&amp;ssl=1 1454w, https:\/\/i0.wp.com\/toutcourtfestival.fr\/wp-content\/uploads\/2020\/09\/Scenario-Lab.png?w=1796&amp;ssl=1 1796w\" sizes=\"auto, (max-width: 751px) 100vw, 751px\" \/><\/a><\/div>\n<div dir=\"auto\">&nbsp;<\/div>\n<div dir=\"auto\"><a href=\"https:\/\/i0.wp.com\/toutcourtfestival.fr\/wp-content\/uploads\/2020\/09\/Plaquette-A5-scaled.jpg?ssl=1\"><img data-recalc-dims=\"1\" loading=\"lazy\" decoding=\"async\" class=\"alignnone size-large wp-image-8253\" src=\"https:\/\/i0.wp.com\/toutcourtfestival.fr\/wp-content\/uploads\/2020\/09\/Plaquette-A5.jpg?resize=1024%2C724&#038;ssl=1\" alt=\"\" width=\"1024\" height=\"724\" srcset=\"https:\/\/i0.wp.com\/toutcourtfestival.fr\/wp-content\/uploads\/2020\/09\/Plaquette-A5-scaled.jpg?resize=1024%2C724&amp;ssl=1 1024w, https:\/\/i0.wp.com\/toutcourtfestival.fr\/wp-content\/uploads\/2020\/09\/Plaquette-A5-scaled.jpg?resize=300%2C212&amp;ssl=1 300w, https:\/\/i0.wp.com\/toutcourtfestival.fr\/wp-content\/uploads\/2020\/09\/Plaquette-A5-scaled.jpg?resize=768%2C543&amp;ssl=1 768w, https:\/\/i0.wp.com\/toutcourtfestival.fr\/wp-content\/uploads\/2020\/09\/Plaquette-A5-scaled.jpg?resize=1536%2C1086&amp;ssl=1 1536w, https:\/\/i0.wp.com\/toutcourtfestival.fr\/wp-content\/uploads\/2020\/09\/Plaquette-A5-scaled.jpg?resize=2048%2C1448&amp;ssl=1 2048w\" sizes=\"auto, (max-width: 1024px) 100vw, 1024px\" \/><\/a><\/div>\n<div dir=\"auto\">&nbsp;<\/div>\n<div dir=\"auto\"><a href=\"https:\/\/i0.wp.com\/toutcourtfestival.fr\/wp-content\/uploads\/2020\/09\/Plaquette-A52-scaled.jpg?ssl=1\"><img data-recalc-dims=\"1\" loading=\"lazy\" decoding=\"async\" class=\"alignnone size-large wp-image-8252\" src=\"https:\/\/i0.wp.com\/toutcourtfestival.fr\/wp-content\/uploads\/2020\/09\/Plaquette-A52.jpg?resize=1024%2C724&#038;ssl=1\" alt=\"\" width=\"1024\" height=\"724\" srcset=\"https:\/\/i0.wp.com\/toutcourtfestival.fr\/wp-content\/uploads\/2020\/09\/Plaquette-A52-scaled.jpg?resize=1024%2C724&amp;ssl=1 1024w, https:\/\/i0.wp.com\/toutcourtfestival.fr\/wp-content\/uploads\/2020\/09\/Plaquette-A52-scaled.jpg?resize=300%2C212&amp;ssl=1 300w, https:\/\/i0.wp.com\/toutcourtfestival.fr\/wp-content\/uploads\/2020\/09\/Plaquette-A52-scaled.jpg?resize=768%2C543&amp;ssl=1 768w, https:\/\/i0.wp.com\/toutcourtfestival.fr\/wp-content\/uploads\/2020\/09\/Plaquette-A52-scaled.jpg?resize=1536%2C1086&amp;ssl=1 1536w, https:\/\/i0.wp.com\/toutcourtfestival.fr\/wp-content\/uploads\/2020\/09\/Plaquette-A52-scaled.jpg?resize=2048%2C1448&amp;ssl=1 2048w\" sizes=\"auto, (max-width: 1024px) 100vw, 1024px\" \/><\/a><\/div>\n<div dir=\"auto\">&nbsp;<\/div>\n<div dir=\"auto\">&nbsp;<\/div>\n<\/div>\n<p style=\"text-align: justify;\">&nbsp;<\/p>\n","protected":false},"excerpt":{"rendered":"<p style=\"text-align: justify;\">Et c&#8217;est reparti pour une nouvelle ann\u00e9e! Qu&#8217;on esp\u00e8re meilleurs que la pr\u00e9c\u00e9dente \ud83d\ude00<\/p>\n<p> =&gt; Retrouvez-nous samedi 05 septembre au Forum des Associations de Gisors (stade Maurice Tassus avenue Victor Hugo) et dimanche 06 \u00e0 la brocante de Montjavoult. &nbsp; N&#8217;h\u00e9sitez pas \u00e0 venir discuter avec nous et vous inscrire \u00e0 nos activit\u00e9s! &hellip; <\/p>\n<p><a class=\"more-link btn\" href=\"https:\/\/toutcourtfestival.fr\/index.php\/2020\/09\/05\/cest-la-rentree-2020-2021\/\">Continue reading<\/a><\/p>\n","protected":false},"author":1,"featured_media":8250,"comment_status":"closed","ping_status":"closed","sticky":false,"template":"","format":"standard","meta":{"ngg_post_thumbnail":0,"jetpack_post_was_ever_published":false,"_jetpack_newsletter_access":"","_jetpack_dont_email_post_to_subs":false,"_jetpack_newsletter_tier_id":0,"_jetpack_memberships_contains_paywalled_content":false,"_jetpack_memberships_contains_paid_content":false,"footnotes":"","jetpack_publicize_message":"","jetpack_publicize_feature_enabled":true,"jetpack_social_post_already_shared":true,"jetpack_social_options":{"image_generator_settings":{"template":"highway","default_image_id":0,"font":"","enabled":false},"version":2}},"categories":[4],"tags":[],"class_list":["post-8249","post","type-post","status-publish","format-standard","has-post-thumbnail","hentry","category-actualites","nodate","item-wrap"],"jetpack_publicize_connections":[],"jetpack_featured_media_url":"https:\/\/i0.wp.com\/toutcourtfestival.fr\/wp-content\/uploads\/2020\/09\/Affiche-forum-assoces.jpg?fit=1684%2C2384&ssl=1","jetpack_sharing_enabled":true,"jetpack_shortlink":"https:\/\/wp.me\/p8k6iw-293","jetpack_likes_enabled":true,"_links":{"self":[{"href":"https:\/\/toutcourtfestival.fr\/index.php\/wp-json\/wp\/v2\/posts\/8249","targetHints":{"allow":["GET"]}}],"collection":[{"href":"https:\/\/toutcourtfestival.fr\/index.php\/wp-json\/wp\/v2\/posts"}],"about":[{"href":"https:\/\/toutcourtfestival.fr\/index.php\/wp-json\/wp\/v2\/types\/post"}],"author":[{"embeddable":true,"href":"https:\/\/toutcourtfestival.fr\/index.php\/wp-json\/wp\/v2\/users\/1"}],"replies":[{"embeddable":true,"href":"https:\/\/toutcourtfestival.fr\/index.php\/wp-json\/wp\/v2\/comments?post=8249"}],"version-history":[{"count":0,"href":"https:\/\/toutcourtfestival.fr\/index.php\/wp-json\/wp\/v2\/posts\/8249\/revisions"}],"wp:featuredmedia":[{"embeddable":true,"href":"https:\/\/toutcourtfestival.fr\/index.php\/wp-json\/wp\/v2\/media\/8250"}],"wp:attachment":[{"href":"https:\/\/toutcourtfestival.fr\/index.php\/wp-json\/wp\/v2\/media?parent=8249"}],"wp:term":[{"taxonomy":"category","embeddable":true,"href":"https:\/\/toutcourtfestival.fr\/index.php\/wp-json\/wp\/v2\/categories?post=8249"},{"taxonomy":"post_tag","embeddable":true,"href":"https:\/\/toutcourtfestival.fr\/index.php\/wp-json\/wp\/v2\/tags?post=8249"}],"curies":[{"name":"wp","href":"https:\/\/api.w.org\/{rel}","templated":true}]}}