{"id":8307,"date":"2022-06-11T20:24:41","date_gmt":"2022-06-11T18:24:41","guid":{"rendered":"https:\/\/toutcourtfestival.fr\/?p=8307"},"modified":"2022-06-11T20:24:41","modified_gmt":"2022-06-11T18:24:41","slug":"cineconcert18062022","status":"publish","type":"post","link":"https:\/\/toutcourtfestival.fr\/index.php\/2022\/06\/11\/cineconcert18062022\/","title":{"rendered":"Cin\u00e9-Concert samedi 18 juin 2022"},"content":{"rendered":"<div id=\"pl-8307\"  class=\"panel-layout\" ><div id=\"pg-8307-0\"  class=\"panel-grid panel-has-style\" ><div class=\"panel-row-style panel-row-style-for-8307-0\" ><div id=\"pgc-8307-0-0\"  class=\"panel-grid-cell\" ><div id=\"panel-8307-0-0-0\" class=\"so-panel widget widget_sow-headline panel-first-child panel-last-child\" data-index=\"0\" ><div class=\"panel-widget-style panel-widget-style-for-8307-0-0-0\" ><div\n\t\t\t\n\t\t\tclass=\"so-widget-sow-headline so-widget-sow-headline-default-6090f20097d1-8307\"\n\t\t\t\n\t\t><div class=\"sow-headline-container \">\n\t\t\t\t\t\t\t<h1 class=\"sow-headline\">\n\t\t\t\t\t\tCin\u00e9-Concert - samedi 18 juin 2022 au Jour-de-F\u00eate \u00e0 Gisors\t\t\t\t\t\t<\/h1>\n\t\t\t\t\t\t\t\t\t\t\t<div class=\"decoration\">\n\t\t\t\t\t\t<div class=\"decoration-inside\"><\/div>\n\t\t\t\t\t<\/div>\n\t\t\t\t\t\t\t\t\t\t\t<h3 class=\"sow-sub-headline\">\n\t\t\t\t\t\tBuster Keaton - Cadet d'eau douce\t\t\t\t\t\t<\/h3>\n\t\t\t\t\t\t<\/div>\n<\/div><\/div><\/div><\/div><\/div><\/div><div id=\"pg-8307-1\"  class=\"panel-grid panel-has-style\" ><div class=\"panel-row-style panel-row-style-for-8307-1\" ><div id=\"pgc-8307-1-0\"  class=\"panel-grid-cell panel-grid-cell-empty\" ><\/div><div id=\"pgc-8307-1-1\"  class=\"panel-grid-cell panel-grid-cell-mobile-last\" ><div id=\"panel-8307-1-1-0\" class=\"so-panel widget widget_sow-editor panel-first-child panel-last-child\" data-index=\"1\" ><div class=\"panel-widget-style panel-widget-style-for-8307-1-1-0\" ><div\n\t\t\t\n\t\t\tclass=\"so-widget-sow-editor so-widget-sow-editor-base\"\n\t\t\t\n\t\t>\n<div class=\"siteorigin-widget-tinymce textwidget\">\n\t<div id=\"pg-8291-0\" class=\"panel-grid panel-no-style\">\n<div id=\"pgc-8291-0-0\" class=\"panel-grid-cell\" data-weight=\"1\">\n<div id=\"panel-8291-0-0-0\" class=\"so-panel widget widget_sow-editor panel-first-child\" data-index=\"0\" data-style=\"{&quot;background_image_attachment&quot;:false,&quot;background_display&quot;:&quot;tile&quot;}\">\n<div class=\"so-widget-sow-editor so-widget-sow-editor-base\">\n<div class=\"siteorigin-widget-tinymce textwidget\">\n<p style=\"text-align: justify;\"><span style=\"font-size: 14pt;\"><strong>Le Tout Court ! festival en partenariat avec le cin\u00e9ma Jour-de-F\u00eate, la mairie de Gisors et l\u2019ADRC vous propose une soir\u00e9e exceptionnelle le samedi 18 juin \u00e0 20h !<\/strong><\/span><\/p>\n<p style=\"text-align: justify;\"><em><strong><span style=\"text-decoration: underline;\">Au programme<\/span> :<\/strong><\/em><\/p>\n<ul>\n<li style=\"text-align: justify;\">Cin\u00e9-concert sur un film de<strong> Buster Keaton<\/strong> \u00ab Cadet d\u2019eau douce \u00bb (Steamboat bill junior) avec Ga\u00ebl Mevel au Violoncelle, Mauro Coceano \u00e0 l\u2019accord\u00e9on et Thierry Waziniak \u00e0 la batterie<\/li>\n<li>Projection d\u2019une s\u00e9lection de films courts qui auraient d\u00fb passer au festival, choisis avec soin par les jeunes s\u00e9lectionneurs du Tout Court !, suivi d\u2019un \u00e9change avec leurs r\u00e9alisateurs.<\/li>\n<\/ul>\n<p><a style=\"text-align: justify; background-color: #ffffff;\" href=\"https:\/\/i0.wp.com\/toutcourtfestival.fr\/wp-content\/uploads\/2022\/06\/affiche-cineconcert.jpg?ssl=1\"><img data-recalc-dims=\"1\" loading=\"lazy\" decoding=\"async\" class=\"size-large wp-image-8294 aligncenter\" src=\"https:\/\/i0.wp.com\/toutcourtfestival.fr\/wp-content\/uploads\/2022\/06\/affiche-cineconcert.jpg?resize=724%2C1024&#038;ssl=1\" alt=\"\" width=\"724\" height=\"1024\" srcset=\"https:\/\/i0.wp.com\/toutcourtfestival.fr\/wp-content\/uploads\/2022\/06\/affiche-cineconcert.jpg?resize=724%2C1024&amp;ssl=1 724w, https:\/\/i0.wp.com\/toutcourtfestival.fr\/wp-content\/uploads\/2022\/06\/affiche-cineconcert.jpg?resize=212%2C300&amp;ssl=1 212w, https:\/\/i0.wp.com\/toutcourtfestival.fr\/wp-content\/uploads\/2022\/06\/affiche-cineconcert.jpg?resize=768%2C1086&amp;ssl=1 768w, https:\/\/i0.wp.com\/toutcourtfestival.fr\/wp-content\/uploads\/2022\/06\/affiche-cineconcert.jpg?w=842&amp;ssl=1 842w\" sizes=\"auto, (max-width: 724px) 100vw, 724px\" \/><\/a><\/p>\n<\/div>\n<\/div>\n<\/div>\n<div id=\"panel-8291-0-0-1\" class=\"so-panel widget widget_sow-editor\" style=\"text-align: justify;\" data-index=\"1\" data-style=\"{&quot;background_image_attachment&quot;:false,&quot;background_display&quot;:&quot;tile&quot;,&quot;font_color&quot;:&quot;#351ebc&quot;}\">\n<div class=\"panel-widget-style panel-widget-style-for-8291-0-0-1\">\n<div>\n<div class=\"so-widget-sow-editor so-widget-sow-editor-base\">\n<div class=\"siteorigin-widget-tinymce textwidget\">\n<div class=\"cxmmr5t8 oygrvhab hcukyx3x c1et5uql o9v6fnle\">Le festival n\u2019ayant pu se tenir cette ann\u00e9e encore pour cause de COVID, nous vous proposons cette s\u00e9ance de rattrapage \u00e0 l\u2019approche de la f\u00eate de la musique pour une soir\u00e9e exceptionnelle cin\u00e9ma et musique ! Venez nombreux !<\/div>\n<div>&nbsp;<\/div>\n<\/div>\n<\/div>\n<div><em>Tarifs: 4 euros tarif normal et tarif r\u00e9duit 3 euros (se rapprocher du cin\u00e9ma pour v\u00e9rifier que les prix n\u2019aient pas changer)<\/em><\/div>\n<div>\n<hr \/>\n<\/div>\n<\/div>\n<div style=\"text-align: justify;\">Rendez-vous \u00e9galement sur YOUTUBE le 1er juillet pour d\u00e9couvrir le dernier court m\u00e9trage des jeunes des Ateliers du Tout Court ! : \u00e0 10h, le film et \u00e0 17h, les coulisses.&nbsp;<\/div>\n<\/div>\n<\/div>\n<\/div>\n<\/div>\n<\/div>\n<\/div><\/div><\/div><\/div><div id=\"pgc-8307-1-2\"  class=\"panel-grid-cell panel-grid-cell-empty\" ><\/div><\/div><\/div><div id=\"pg-8307-2\"  class=\"panel-grid panel-no-style\" ><div id=\"pgc-8307-2-0\"  class=\"panel-grid-cell\" ><div id=\"panel-8307-2-0-0\" class=\"so-panel widget widget_text panel-first-child panel-last-child\" data-index=\"2\" >\t\t\t<div class=\"textwidget\"><style>.entry-title {display:none;}<\/style> <\/div>\n\t\t<\/div><\/div><\/div><\/div>","protected":false},"excerpt":{"rendered":"<p>Cin\u00e9-Concert &#8211; samedi 18 juin 2022 au Jour-de-F\u00eate \u00e0 Gisors Buster Keaton &#8211; Cadet d&#8217;eau douce <\/p>\n<p style=\"text-align: justify;\"><strong>Le Tout Court ! festival en partenariat avec le cin\u00e9ma Jour-de-F\u00eate, la mairie de Gisors et l\u2019ADRC vous propose une soir\u00e9e exceptionnelle le samedi 18 juin \u00e0 20h !<\/strong><\/p>\n<p style=\"text-align: justify;\"><strong>Au programme :<\/strong><\/p>\n<ul>\n<li style=\"text-align: &hellip; <\/p>\n<p><a class=\"more-link btn\" href=\"https:\/\/toutcourtfestival.fr\/index.php\/2022\/06\/11\/cineconcert18062022\/\">Continue reading<\/a><\/p>\n<\/li>\n<\/ul>\n","protected":false},"author":4,"featured_media":8294,"comment_status":"closed","ping_status":"closed","sticky":false,"template":"","format":"standard","meta":{"ngg_post_thumbnail":0,"jetpack_post_was_ever_published":false,"_jetpack_newsletter_access":"","_jetpack_dont_email_post_to_subs":false,"_jetpack_newsletter_tier_id":0,"_jetpack_memberships_contains_paywalled_content":false,"_jetpack_memberships_contains_paid_content":false,"footnotes":"","jetpack_publicize_message":"","jetpack_publicize_feature_enabled":true,"jetpack_social_post_already_shared":true,"jetpack_social_options":{"image_generator_settings":{"template":"highway","default_image_id":0,"font":"","enabled":false},"version":2}},"categories":[4],"tags":[],"class_list":["post-8307","post","type-post","status-publish","format-standard","has-post-thumbnail","hentry","category-actualites","nodate","item-wrap"],"jetpack_publicize_connections":[],"jetpack_featured_media_url":"https:\/\/i0.wp.com\/toutcourtfestival.fr\/wp-content\/uploads\/2022\/06\/affiche-cineconcert.jpg?fit=842%2C1191&ssl=1","jetpack_sharing_enabled":true,"jetpack_shortlink":"https:\/\/wp.me\/p8k6iw-29Z","jetpack_likes_enabled":true,"_links":{"self":[{"href":"https:\/\/toutcourtfestival.fr\/index.php\/wp-json\/wp\/v2\/posts\/8307","targetHints":{"allow":["GET"]}}],"collection":[{"href":"https:\/\/toutcourtfestival.fr\/index.php\/wp-json\/wp\/v2\/posts"}],"about":[{"href":"https:\/\/toutcourtfestival.fr\/index.php\/wp-json\/wp\/v2\/types\/post"}],"author":[{"embeddable":true,"href":"https:\/\/toutcourtfestival.fr\/index.php\/wp-json\/wp\/v2\/users\/4"}],"replies":[{"embeddable":true,"href":"https:\/\/toutcourtfestival.fr\/index.php\/wp-json\/wp\/v2\/comments?post=8307"}],"version-history":[{"count":0,"href":"https:\/\/toutcourtfestival.fr\/index.php\/wp-json\/wp\/v2\/posts\/8307\/revisions"}],"wp:featuredmedia":[{"embeddable":true,"href":"https:\/\/toutcourtfestival.fr\/index.php\/wp-json\/wp\/v2\/media\/8294"}],"wp:attachment":[{"href":"https:\/\/toutcourtfestival.fr\/index.php\/wp-json\/wp\/v2\/media?parent=8307"}],"wp:term":[{"taxonomy":"category","embeddable":true,"href":"https:\/\/toutcourtfestival.fr\/index.php\/wp-json\/wp\/v2\/categories?post=8307"},{"taxonomy":"post_tag","embeddable":true,"href":"https:\/\/toutcourtfestival.fr\/index.php\/wp-json\/wp\/v2\/tags?post=8307"}],"curies":[{"name":"wp","href":"https:\/\/api.w.org\/{rel}","templated":true}]}}